{"id":8011,"date":"2021-11-23T17:19:29","date_gmt":"2021-11-23T20:19:29","guid":{"rendered":"http:\/\/sindcon-rj.com.br\/wp\/?p=8011"},"modified":"2021-11-23T17:38:25","modified_gmt":"2021-11-23T20:38:25","slug":"tarifa-social-saiba-se-voce-pode-ter-desconto-na-conta-de-luz","status":"publish","type":"post","link":"https:\/\/sindcon-rj.com.br\/wp\/tarifa-social-saiba-se-voce-pode-ter-desconto-na-conta-de-luz\/","title":{"rendered":"Tarifa Social: saiba se voc\u00ea pode ter desconto na conta de luz"},"content":{"rendered":"\t\t<div data-elementor-type=\"wp-post\" data-elementor-id=\"8011\" class=\"elementor elementor-8011\">\n\t\t\t\t\t\t<section class=\"elementor-section elementor-top-section elementor-element elementor-element-e0c3b5c elementor-section-boxed elementor-section-height-default elementor-section-height-default\" data-id=\"e0c3b5c\" data-element_type=\"section\">\n\t\t\t\t\t\t<div class=\"elementor-container elementor-column-gap-default\">\n\t\t\t\t\t<div class=\"elementor-column elementor-col-100 elementor-top-column elementor-element elementor-element-96c2d4d\" data-id=\"96c2d4d\" data-element_type=\"column\">\n\t\t\t<div class=\"elementor-widget-wrap elementor-element-populated\">\n\t\t\t\t\t\t<div class=\"elementor-element elementor-element-d1fa014 elementor-widget elementor-widget-text-editor\" data-id=\"d1fa014\" data-element_type=\"widget\" data-widget_type=\"text-editor.default\">\n\t\t\t\t<div class=\"elementor-widget-container\">\n\t\t\t\t\t\t\t\t\t<p><strong>Fam\u00edlias de baixa renda t\u00eam direito ao benef\u00edcio, desde que estejam inscritos em programas sociais do governo federal.<\/strong><\/p>\n<p><\/p>\n<p>A&nbsp;<a style=\"font-style: inherit;\" href=\"https:\/\/g1.globo.com\/economia\/noticia\/2021\/10\/05\/tarifa-social-da-desconto-na-conta-de-luz-veja-como-funciona-e-como-se-inscrever.ghtml\"><strong>Tarifa Social<\/strong><\/a>, que d\u00e1 desconto na conta de luz, pode ser pedida por fam\u00edlias de baixa renda. Mas os consumidores devem estar inscritos no&nbsp;<a style=\"font-style: inherit;\" href=\"https:\/\/g1.globo.com\/economia\/noticia\/2021\/10\/21\/auxilio-brasil-vai-atender-brasileiros-no-cadastro-unico-saiba-como-se-inscrever.ghtml\"><strong>Cadastro \u00danico (Cad\u00danico)<\/strong><\/a>&nbsp;ou no programa do&nbsp;<a style=\"font-style: inherit;\" href=\"https:\/\/g1.globo.com\/economia\/noticia\/2021\/06\/23\/bpc-sancionada-lei-que-amplia-beneficio-a-idosos-e-pessoas-com-deficiencia-veja-o-que-muda.ghtml\"><strong>Benef\u00edcio de Presta\u00e7\u00e3o Continuada (BPC).<\/strong><\/a><\/p>\n<h2><strong style=\"font-style: inherit;\">Veja quem tem direito \u00e0 Tarifa Social de Energia El\u00e9trica:<\/strong><\/h2>\n<ul>\n<li>Fam\u00edlias inscritas no&nbsp;<a style=\"font-style: inherit;\" href=\"https:\/\/g1.globo.com\/economia\/noticia\/2021\/10\/21\/auxilio-brasil-vai-atender-brasileiros-no-cadastro-unico-saiba-como-se-inscrever.ghtml\"><strong>Cadastro \u00danico<\/strong><\/a>com renda familiar per capita menor ou igual a meio sal\u00e1rio m\u00ednimo (R$ 550);<\/li>\n<li>Idosos com 65 anos ou mais ou pessoas com defici\u00eancia, que recebam o&nbsp;<a style=\"font-style: inherit;\" href=\"https:\/\/g1.globo.com\/economia\/noticia\/2021\/06\/23\/bpc-sancionada-lei-que-amplia-beneficio-a-idosos-e-pessoas-com-deficiencia-veja-o-que-muda.ghtml\"><strong>Benef\u00edcio de Presta\u00e7\u00e3o Continuada da Assist\u00eancia Social (BPC)<\/strong><\/a>;<\/li>\n<li>Fam\u00edlias inscritas no Cadastro \u00danico com renda mensal de at\u00e9 3 sal\u00e1rios m\u00ednimos (R$ 3.300), que tenham no domic\u00edlio portador de doen\u00e7a ou defici\u00eancia (f\u00edsica, motora, auditiva, visual, intelectual e m\u00faltipla) cujo tratamento, procedimento m\u00e9dico ou terap\u00eautico exija o uso continuado de aparelhos, equipamentos ou instrumentos que, para o seu funcionamento, demandem consumo de energia el\u00e9trica.<\/li>\n<\/ul>\n<p>Para saber a renda per capita, \u00e9 preciso somar todos os rendimentos recebidos pela fam\u00edlia e depois dividir o valor total pelo n\u00famero de integrantes para chegar ao valor final.<\/p>\n<h2>Como funcionam os descontos<\/h2>\n<p>O desconto da tarifa social \u00e9 dado de acordo com o consumo mensal de cada fam\u00edlia, que varia de 10% a 65%, at\u00e9 o limite de consumo de 220 kWh (quilowatts-hora por m\u00eas), conforme a tabela abaixo:<\/p>\t\t\t\t\t\t\t\t<\/div>\n\t\t\t\t<\/div>\n\t\t\t\t\t<\/div>\n\t\t<\/div>\n\t\t\t\t\t<\/div>\n\t\t<\/section>\n\t\t\t\t<section class=\"elementor-section elementor-top-section elementor-element elementor-element-7802332 elementor-section-boxed elementor-section-height-default elementor-section-height-default\" data-id=\"7802332\" data-element_type=\"section\">\n\t\t\t\t\t\t<div class=\"elementor-container elementor-column-gap-default\">\n\t\t\t\t\t<div class=\"elementor-column elementor-col-100 elementor-top-column elementor-element elementor-element-bbaee28\" data-id=\"bbaee28\" data-element_type=\"column\">\n\t\t\t<div class=\"elementor-widget-wrap elementor-element-populated\">\n\t\t\t\t\t\t<div class=\"elementor-element elementor-element-2259f1c elementor-widget elementor-widget-image\" data-id=\"2259f1c\" data-element_type=\"widget\" data-widget_type=\"image.default\">\n\t\t\t\t<div class=\"elementor-widget-container\">\n\t\t\t\t\t\t\t\t\t\t\t\t\t\t\t<img decoding=\"async\" src=\"https:\/\/sindcon-rj.com.br\/wp\/wp-content\/uploads\/2021\/11\/2-tarifa-social.png\" title=\"\" alt=\"\" loading=\"lazy\" \/>\t\t\t\t\t\t\t\t\t\t\t\t\t\t\t<\/div>\n\t\t\t\t<\/div>\n\t\t\t\t\t<\/div>\n\t\t<\/div>\n\t\t\t\t\t<\/div>\n\t\t<\/section>\n\t\t\t\t<section class=\"elementor-section elementor-top-section elementor-element elementor-element-509c1fd elementor-section-boxed elementor-section-height-default elementor-section-height-default\" data-id=\"509c1fd\" data-element_type=\"section\">\n\t\t\t\t\t\t<div class=\"elementor-container elementor-column-gap-default\">\n\t\t\t\t\t<div class=\"elementor-column elementor-col-100 elementor-top-column elementor-element elementor-element-fa283ac\" data-id=\"fa283ac\" data-element_type=\"column\">\n\t\t\t<div class=\"elementor-widget-wrap elementor-element-populated\">\n\t\t\t\t\t\t<div class=\"elementor-element elementor-element-e09fa89 elementor-widget elementor-widget-text-editor\" data-id=\"e09fa89\" data-element_type=\"widget\" data-widget_type=\"text-editor.default\">\n\t\t\t\t<div class=\"elementor-widget-container\">\n\t\t\t\t\t\t\t\t\t<p>J\u00e1 as fam\u00edlias ind\u00edgenas e quilombolas inscritas no Cadastro \u00danico t\u00eam desconto de 100% at\u00e9 o limite de consumo de 50 kWh\/m\u00eas, segundo a tabela abaixo:<\/p>\t\t\t\t\t\t\t\t<\/div>\n\t\t\t\t<\/div>\n\t\t\t\t\t<\/div>\n\t\t<\/div>\n\t\t\t\t\t<\/div>\n\t\t<\/section>\n\t\t\t\t<section class=\"elementor-section elementor-top-section elementor-element elementor-element-38dbfeb elementor-section-boxed elementor-section-height-default elementor-section-height-default\" data-id=\"38dbfeb\" data-element_type=\"section\">\n\t\t\t\t\t\t<div class=\"elementor-container elementor-column-gap-default\">\n\t\t\t\t\t<div class=\"elementor-column elementor-col-100 elementor-top-column elementor-element elementor-element-8bd5345\" data-id=\"8bd5345\" data-element_type=\"column\">\n\t\t\t<div class=\"elementor-widget-wrap elementor-element-populated\">\n\t\t\t\t\t\t<div class=\"elementor-element elementor-element-8c064e7 elementor-widget elementor-widget-image\" data-id=\"8c064e7\" data-element_type=\"widget\" data-widget_type=\"image.default\">\n\t\t\t\t<div class=\"elementor-widget-container\">\n\t\t\t\t\t\t\t\t\t\t\t\t\t\t\t<img decoding=\"async\" src=\"https:\/\/sindcon-rj.com.br\/wp\/wp-content\/uploads\/2021\/11\/3-tarifa.jpg\" title=\"\" alt=\"\" loading=\"lazy\" \/>\t\t\t\t\t\t\t\t\t\t\t\t\t\t\t<\/div>\n\t\t\t\t<\/div>\n\t\t\t\t\t<\/div>\n\t\t<\/div>\n\t\t\t\t\t<\/div>\n\t\t<\/section>\n\t\t\t\t<section class=\"elementor-section elementor-top-section elementor-element elementor-element-a55e835 elementor-section-boxed elementor-section-height-default elementor-section-height-default\" data-id=\"a55e835\" data-element_type=\"section\">\n\t\t\t\t\t\t<div class=\"elementor-container elementor-column-gap-default\">\n\t\t\t\t\t<div class=\"elementor-column elementor-col-100 elementor-top-column elementor-element elementor-element-acdd265\" data-id=\"acdd265\" data-element_type=\"column\">\n\t\t\t<div class=\"elementor-widget-wrap elementor-element-populated\">\n\t\t\t\t\t\t<div class=\"elementor-element elementor-element-6a85ccc elementor-widget elementor-widget-text-editor\" data-id=\"6a85ccc\" data-element_type=\"widget\" data-widget_type=\"text-editor.default\">\n\t\t\t\t<div class=\"elementor-widget-container\">\n\t\t\t\t\t\t\t\t\t<p>Atualmente, 12,2 milh\u00f5es de fam\u00edlias s\u00e3o beneficiadas com a Tarifa Social.<\/p><p>Para ter direito \u00e0 tarifa social, os consumidores precisam procurar as distribuidoras de energia el\u00e9trica em suas cidades e comprovar que se encaixam nos requisitos para terem direito ao desconto\u00a0<em>(veja mais informa\u00e7\u00f5es abaixo)<\/em>.<\/p><p>No entanto, a partir de janeiro de 2022,\u00a0<a href=\"https:\/\/g1.globo.com\/politica\/noticia\/2021\/09\/12\/tarifa-social-de-energia-bolsonaro-sanciona-inclusao-automatica-de-familias-de-baixa-renda.ghtml\"><strong>a inclus\u00e3o passar\u00e1 a ser autom\u00e1tica<\/strong><\/a>\u00a0para quem j\u00e1 est\u00e1 no Cadastro \u00danico ou recebe o Benef\u00edcio de Presta\u00e7\u00e3o Continuada. Ou seja, os consumidores n\u00e3o precisar\u00e3o procurar as distribuidoras para requerer o desconto na conta de luz.<\/p>\t\t\t\t\t\t\t\t<\/div>\n\t\t\t\t<\/div>\n\t\t\t\t\t<\/div>\n\t\t<\/div>\n\t\t\t\t\t<\/div>\n\t\t<\/section>\n\t\t\t\t<section class=\"elementor-section elementor-top-section elementor-element elementor-element-e589358 elementor-section-boxed elementor-section-height-default elementor-section-height-default\" data-id=\"e589358\" data-element_type=\"section\">\n\t\t\t\t\t\t<div class=\"elementor-container elementor-column-gap-default\">\n\t\t\t\t\t<div class=\"elementor-column elementor-col-100 elementor-top-column elementor-element elementor-element-4b569fa\" data-id=\"4b569fa\" data-element_type=\"column\">\n\t\t\t<div class=\"elementor-widget-wrap elementor-element-populated\">\n\t\t\t\t\t\t<div class=\"elementor-element elementor-element-4c2fadc elementor-widget elementor-widget-image\" data-id=\"4c2fadc\" data-element_type=\"widget\" data-widget_type=\"image.default\">\n\t\t\t\t<div class=\"elementor-widget-container\">\n\t\t\t\t\t\t\t\t\t\t\t\t\t\t\t\t<a href=\"https:\/\/globoplay.globo.com\/v\/9854954\/\" target=\"_blank\">\n\t\t\t\t\t\t\t<img decoding=\"async\" src=\"https:\/\/sindcon-rj.com.br\/wp\/wp-content\/uploads\/2021\/11\/video-tarifa.png\" title=\"\" alt=\"\" loading=\"lazy\" \/>\t\t\t\t\t\t\t\t<\/a>\n\t\t\t\t\t\t\t\t\t\t\t\t\t\t\t<\/div>\n\t\t\t\t<\/div>\n\t\t\t\t\t<\/div>\n\t\t<\/div>\n\t\t\t\t\t<\/div>\n\t\t<\/section>\n\t\t\t\t<section class=\"elementor-section elementor-top-section elementor-element elementor-element-e454b67 elementor-section-boxed elementor-section-height-default elementor-section-height-default\" data-id=\"e454b67\" data-element_type=\"section\">\n\t\t\t\t\t\t<div class=\"elementor-container elementor-column-gap-default\">\n\t\t\t\t\t<div class=\"elementor-column elementor-col-100 elementor-top-column elementor-element elementor-element-6153c03\" data-id=\"6153c03\" data-element_type=\"column\">\n\t\t\t<div class=\"elementor-widget-wrap elementor-element-populated\">\n\t\t\t\t\t\t<div class=\"elementor-element elementor-element-37c1556 elementor-widget elementor-widget-text-editor\" data-id=\"37c1556\" data-element_type=\"widget\" data-widget_type=\"text-editor.default\">\n\t\t\t\t<div class=\"elementor-widget-container\">\n\t\t\t\t\t\t\t\t\t<p>Segundo o governo, entre as justificativas para que o cadastro no benef\u00edcio seja autom\u00e1tico a partir do ano que vem est\u00e3o que os&nbsp;benefici\u00e1rios n\u00e3o estariam sendo informados de forma adequada sobre seu direito ou n\u00e3o estariam sendo capazes de apresentar toda a documenta\u00e7\u00e3o exigida para a comprova\u00e7\u00e3o.<\/p>\n<p>A Ag\u00eancia Nacional de Energia El\u00e9trica (Aneel) estima que&nbsp;<a href=\"https:\/\/g1.globo.com\/economia\/noticia\/2021\/10\/13\/numero-de-beneficiarios-da-tarifa-social-pode-dobrar-e-chegar-a-24-milhoes-de-familias-diz-aneel.ghtml\"><strong>11,5 milh\u00f5es de fam\u00edlias podem ser inclu\u00eddas no programa a partir do ano que vem<\/strong><\/a>, quando as distribuidoras de energia ter\u00e3o que implantar o cadastrado autom\u00e1tico de benefici\u00e1rios. Desse total:<\/p>\n<ul>\n<li>7,4 milh\u00f5es de fam\u00edlias s\u00e3o oriundas do Cadastro \u00danico;<\/li>\n<li>4,1 milh\u00f5es s\u00e3o benefici\u00e1rias do Benef\u00edcio de Presta\u00e7\u00e3o Continuada (BPC).<\/li>\n<\/ul>\t\t\t\t\t\t\t\t<\/div>\n\t\t\t\t<\/div>\n\t\t\t\t\t<\/div>\n\t\t<\/div>\n\t\t\t\t\t<\/div>\n\t\t<\/section>\n\t\t\t\t<section class=\"elementor-section elementor-top-section elementor-element elementor-element-d09627e elementor-section-boxed elementor-section-height-default elementor-section-height-default\" data-id=\"d09627e\" data-element_type=\"section\">\n\t\t\t\t\t\t<div class=\"elementor-container elementor-column-gap-default\">\n\t\t\t\t\t<div class=\"elementor-column elementor-col-100 elementor-top-column elementor-element elementor-element-8a70771\" data-id=\"8a70771\" data-element_type=\"column\">\n\t\t\t<div class=\"elementor-widget-wrap elementor-element-populated\">\n\t\t\t\t\t\t<div class=\"elementor-element elementor-element-7786f05 elementor-widget elementor-widget-image\" data-id=\"7786f05\" data-element_type=\"widget\" data-widget_type=\"image.default\">\n\t\t\t\t<div class=\"elementor-widget-container\">\n\t\t\t\t\t\t\t\t\t\t\t\t\t\t\t<img decoding=\"async\" src=\"https:\/\/sindcon-rj.com.br\/wp\/wp-content\/uploads\/2021\/11\/4-comoseinscrever.png\" title=\"\" alt=\"\" loading=\"lazy\" \/>\t\t\t\t\t\t\t\t\t\t\t\t\t\t\t<\/div>\n\t\t\t\t<\/div>\n\t\t\t\t\t<\/div>\n\t\t<\/div>\n\t\t\t\t\t<\/div>\n\t\t<\/section>\n\t\t\t\t<section class=\"elementor-section elementor-top-section elementor-element elementor-element-ca68adf elementor-section-boxed elementor-section-height-default elementor-section-height-default\" data-id=\"ca68adf\" data-element_type=\"section\">\n\t\t\t\t\t\t<div class=\"elementor-container elementor-column-gap-default\">\n\t\t\t\t\t<div class=\"elementor-column elementor-col-100 elementor-top-column elementor-element elementor-element-7e77cae\" data-id=\"7e77cae\" data-element_type=\"column\">\n\t\t\t<div class=\"elementor-widget-wrap elementor-element-populated\">\n\t\t\t\t\t\t<div class=\"elementor-element elementor-element-0a6ff97 elementor-widget elementor-widget-text-editor\" data-id=\"0a6ff97\" data-element_type=\"widget\" data-widget_type=\"text-editor.default\">\n\t\t\t\t<div class=\"elementor-widget-container\">\n\t\t\t\t\t\t\t\t\t<p>Para ter direito \u00e0 tarifa social, um dos integrantes da fam\u00edlia deve comparecer \u00e0 distribuidora de energia el\u00e9trica que atende \u00e0 sua resid\u00eancia e apresentar as seguintes informa\u00e7\u00f5es e documentos:<\/p>\n<ul>\n<li>Nome, CPF e carteira de identidade ou outro documento de identifica\u00e7\u00e3o oficial com foto, e o Registro Administrativo de Nascimento Ind\u00edgena (RANI), no caso de ind\u00edgenas;<\/li>\n<li>C\u00f3digo da unidade consumidora a ser beneficiada;<\/li>\n<li><strong>N\u00famero de identifica\u00e7\u00e3o social (NIS) e\/ou o C\u00f3digo Familiar no Cadastro \u00danico ou o N\u00famero do Benef\u00edcio (NB) no caso de recebimento do Benef\u00edcio de Presta\u00e7\u00e3o Continuada (BPC);<\/strong><\/li>\n<li>Apresentar o relat\u00f3rio e atestado subscrito por profissional m\u00e9dico, somente nos casos de fam\u00edlias com uso continuado de aparelhos.<\/li>\n<\/ul>\n<p>Cada benefici\u00e1rio tem direito ao desconto em apenas uma resid\u00eancia (pr\u00f3pria ou alugada) e dever\u00e1 informar \u00e0 distribuidora de energia el\u00e9trica quando deixar o local.<\/p>\n<p>O Minist\u00e9rio da Cidadania informa que, mensalmente, fornece o acesso \u00e0s bases de dados do Cad\u00danico e BPC para a Ag\u00eancia Nacional de Energia El\u00e9trica (Aneel) e distribuidoras locais de energia el\u00e9trica, respons\u00e1veis pela coordena\u00e7\u00e3o e implementa\u00e7\u00e3o da tarifa social.<\/p>\n<p>Depois de receber o pedido e a documenta\u00e7\u00e3o do consumidor, a distribuidora efetua consulta ao Cadastro \u00danico ou ao Benef\u00edcio da Presta\u00e7\u00e3o Continuada para verificar as informa\u00e7\u00f5es prestadas. Os dados devem estar de acordo com o que consta no cadastro desses benef\u00edcios.<\/p><p><i>Fonte: G1 Globo.com<\/i><\/p>\t\t\t\t\t\t\t\t<\/div>\n\t\t\t\t<\/div>\n\t\t\t\t\t<\/div>\n\t\t<\/div>\n\t\t\t\t\t<\/div>\n\t\t<\/section>\n\t\t\t\t<\/div>\n\t\t","protected":false},"excerpt":{"rendered":"<p>Fam\u00edlias de baixa renda t\u00eam direito ao benef\u00edcio, desde que estejam inscritos em programas sociais do governo federal. A&nbsp;Tarifa Social, que d\u00e1 desconto na conta de luz, pode ser pedida por fam\u00edlias de baixa renda. Mas os consumidores devem estar inscritos no&nbsp;Cadastro \u00danico (Cad\u00danico)&nbsp;ou no programa do&nbsp;Benef\u00edcio de Presta\u00e7\u00e3o Continuada (BPC). Veja quem tem direito [&hellip;]<\/p>\n","protected":false},"author":1,"featured_media":8012,"comment_status":"closed","ping_status":"closed","sticky":false,"template":"","format":"standard","meta":{"ocean_post_layout":"","ocean_both_sidebars_style":"","ocean_both_sidebars_content_width":0,"ocean_both_sidebars_sidebars_width":0,"ocean_sidebar":"0","ocean_second_sidebar":"0","ocean_disable_margins":"enable","ocean_add_body_class":"","ocean_shortcode_before_top_bar":"","ocean_shortcode_after_top_bar":"","ocean_shortcode_before_header":"","ocean_shortcode_after_header":"","ocean_has_shortcode":"","ocean_shortcode_after_title":"","ocean_shortcode_before_footer_widgets":"","ocean_shortcode_after_footer_widgets":"","ocean_shortcode_before_footer_bottom":"","ocean_shortcode_after_footer_bottom":"","ocean_display_top_bar":"default","ocean_display_header":"default","ocean_header_style":"","ocean_center_header_left_menu":"0","ocean_custom_header_template":"0","ocean_custom_logo":0,"ocean_custom_retina_logo":0,"ocean_custom_logo_max_width":0,"ocean_custom_logo_tablet_max_width":0,"ocean_custom_logo_mobile_max_width":0,"ocean_custom_logo_max_height":0,"ocean_custom_logo_tablet_max_height":0,"ocean_custom_logo_mobile_max_height":0,"ocean_header_custom_menu":"0","ocean_menu_typo_font_family":"0","ocean_menu_typo_font_subset":"","ocean_menu_typo_font_size":0,"ocean_menu_typo_font_size_tablet":0,"ocean_menu_typo_font_size_mobile":0,"ocean_menu_typo_font_size_unit":"px","ocean_menu_typo_font_weight":"","ocean_menu_typo_font_weight_tablet":"","ocean_menu_typo_font_weight_mobile":"","ocean_menu_typo_transform":"","ocean_menu_typo_transform_tablet":"","ocean_menu_typo_transform_mobile":"","ocean_menu_typo_line_height":0,"ocean_menu_typo_line_height_tablet":0,"ocean_menu_typo_line_height_mobile":0,"ocean_menu_typo_line_height_unit":"","ocean_menu_typo_spacing":0,"ocean_menu_typo_spacing_tablet":0,"ocean_menu_typo_spacing_mobile":0,"ocean_menu_typo_spacing_unit":"","ocean_menu_link_color":"","ocean_menu_link_color_hover":"","ocean_menu_link_color_active":"","ocean_menu_link_background":"","ocean_menu_link_hover_background":"","ocean_menu_link_active_background":"","ocean_menu_social_links_bg":"","ocean_menu_social_hover_links_bg":"","ocean_menu_social_links_color":"","ocean_menu_social_hover_links_color":"","ocean_disable_title":"on","ocean_disable_heading":"default","ocean_post_title":"","ocean_post_subheading":"","ocean_post_title_style":"","ocean_post_title_background_color":"","ocean_post_title_background":0,"ocean_post_title_bg_image_position":"","ocean_post_title_bg_image_attachment":"","ocean_post_title_bg_image_repeat":"","ocean_post_title_bg_image_size":"","ocean_post_title_height":0,"ocean_post_title_bg_overlay":0.5,"ocean_post_title_bg_overlay_color":"","ocean_disable_breadcrumbs":"default","ocean_breadcrumbs_color":"","ocean_breadcrumbs_separator_color":"","ocean_breadcrumbs_links_color":"","ocean_breadcrumbs_links_hover_color":"","ocean_display_footer_widgets":"default","ocean_display_footer_bottom":"default","ocean_custom_footer_template":"0","ocean_post_oembed":"","ocean_post_self_hosted_media":"","ocean_post_video_embed":"","ocean_link_format":"","ocean_link_format_target":"self","ocean_quote_format":"","ocean_quote_format_link":"post","ocean_gallery_link_images":"off","ocean_gallery_id":[],"footnotes":""},"categories":[1],"tags":[],"class_list":["post-8011","post","type-post","status-publish","format-standard","has-post-thumbnail","hentry","category-sem-categoria","entry","has-media"],"_links":{"self":[{"href":"https:\/\/sindcon-rj.com.br\/wp\/wp-json\/wp\/v2\/posts\/8011","targetHints":{"allow":["GET"]}}],"collection":[{"href":"https:\/\/sindcon-rj.com.br\/wp\/wp-json\/wp\/v2\/posts"}],"about":[{"href":"https:\/\/sindcon-rj.com.br\/wp\/wp-json\/wp\/v2\/types\/post"}],"author":[{"embeddable":true,"href":"https:\/\/sindcon-rj.com.br\/wp\/wp-json\/wp\/v2\/users\/1"}],"replies":[{"embeddable":true,"href":"https:\/\/sindcon-rj.com.br\/wp\/wp-json\/wp\/v2\/comments?post=8011"}],"version-history":[{"count":0,"href":"https:\/\/sindcon-rj.com.br\/wp\/wp-json\/wp\/v2\/posts\/8011\/revisions"}],"wp:featuredmedia":[{"embeddable":true,"href":"https:\/\/sindcon-rj.com.br\/wp\/wp-json\/"}],"wp:attachment":[{"href":"https:\/\/sindcon-rj.com.br\/wp\/wp-json\/wp\/v2\/media?parent=8011"}],"wp:term":[{"taxonomy":"category","embeddable":true,"href":"https:\/\/sindcon-rj.com.br\/wp\/wp-json\/wp\/v2\/categories?post=8011"},{"taxonomy":"post_tag","embeddable":true,"href":"https:\/\/sindcon-rj.com.br\/wp\/wp-json\/wp\/v2\/tags?post=8011"}],"curies":[{"name":"wp","href":"https:\/\/api.w.org\/{rel}","templated":true}]}}