{"id":27803,"date":"2026-03-16T11:25:51","date_gmt":"2026-03-16T14:25:51","guid":{"rendered":"https:\/\/sindcon-rj.com.br\/wp\/?p=27803"},"modified":"2026-03-19T11:34:56","modified_gmt":"2026-03-19T14:34:56","slug":"caixa-libera-abono-salarial-para-nascidos-em-fevereiro","status":"publish","type":"post","link":"https:\/\/sindcon-rj.com.br\/wp\/caixa-libera-abono-salarial-para-nascidos-em-fevereiro\/","title":{"rendered":"Caixa libera abono salarial para nascidos em fevereiro"},"content":{"rendered":"\n<h2 class=\"wp-block-heading\">Calend\u00e1rio de pagamento segue m\u00eas de nascimento<\/h2>\n\n\n\n<figure class=\"wp-block-image size-full\"><img fetchpriority=\"high\" decoding=\"async\" width=\"810\" height=\"455\" src=\"https:\/\/sindcon-rj.com.br\/wp\/wp-content\/uploads\/2026\/03\/moeda.png\" alt=\"\" class=\"wp-image-27804\" srcset=\"https:\/\/sindcon-rj.com.br\/wp\/wp-content\/uploads\/2026\/03\/moeda.png 810w, https:\/\/sindcon-rj.com.br\/wp\/wp-content\/uploads\/2026\/03\/moeda-300x169.png 300w, https:\/\/sindcon-rj.com.br\/wp\/wp-content\/uploads\/2026\/03\/moeda-768x431.png 768w, https:\/\/sindcon-rj.com.br\/wp\/wp-content\/uploads\/2026\/03\/moeda-800x450.png 800w\" sizes=\"(max-width: 810px) 100vw, 810px\" \/><\/figure>\n\n\n\n<p><strong>Os trabalhadores nascidos em fevereiro que ganharam at\u00e9 R$ 2.766 com carteira assinada em 2024 recebem nesta segunda-feira (16) o abono salarial.<\/strong>&nbsp;Neste segundo lote,&nbsp;<strong>ser\u00e3o liberados R$ 2,5 bilh\u00f5es para cerca de 2 milh\u00f5es de benefici\u00e1rios<\/strong>.<img decoding=\"async\" src=\"https:\/\/agenciabrasil.ebc.com.br\/ebc.png?id=1682078&amp;o=node\"><img decoding=\"async\" src=\"https:\/\/agenciabrasil.ebc.com.br\/ebc.gif?id=1682078&amp;o=node\"><\/p>\n\n\n\n<p><strong>Os trabalhadores de Juiz de Fora, Matias Barbosa e Ub\u00e1, munic\u00edpios mineiros afetados por fortes enchentes no m\u00eas passado, receber\u00e3o o abono salarial de forma antecipada<\/strong>. Cerca de 93 mil benefici\u00e1rios nascidos de mar\u00e7o a dezembro tamb\u00e9m recebem nesta segunda totalizando R$ 118 milh\u00f5es.<\/p>\n\n\n\n<p><strong>O valor do benef\u00edcio varia de R$ 136 a R$ 1.621, conforme a quantidade de meses trabalhados em 2024<\/strong>. O calend\u00e1rio segue de forma escalonada ao longo de 2026, de acordo com o&nbsp;<strong>m\u00eas de nascimento<\/strong>.<\/p>\n\n\n\n<h2 class=\"wp-block-heading\">Quem recebe neste lote<\/h2>\n\n\n\n<p><strong>Do total de contemplados em fevereiro:<\/strong><\/p>\n\n\n\n<ul class=\"wp-block-list\">\n<li>1,8 milh\u00e3o s\u00e3o trabalhadores da iniciativa privada, inscritos no Programa de Integra\u00e7\u00e3o Social (PIS), com pagamento feito pela Caixa Econ\u00f4mica Federal, somando R$ 2,2 bilh\u00f5es;<\/li>\n\n\n\n<li>203,9 mil s\u00e3o servidores p\u00fablicos, inscritos no Programa de Forma\u00e7\u00e3o do Patrim\u00f4nio do Servidor P\u00fablico (Pasep), pagos pelo Banco do Brasil, com total de cerca de R$ 300 milh\u00f5es.<\/li>\n<\/ul>\n\n\n\n<h2 class=\"wp-block-heading\">Quem tem direito ao abono salarial<\/h2>\n\n\n\n<p><strong>Tem direito ao benef\u00edcio o trabalhador que:<\/strong><\/p>\n\n\n\n<ul class=\"wp-block-list\">\n<li>Est\u00e1 inscrito no Pis\/Pasep h\u00e1 pelo menos cinco anos;<\/li>\n\n\n\n<li>Trabalhou com carteira assinada por no m\u00ednimo 30 dias em 2024;<\/li>\n\n\n\n<li>Recebeu remunera\u00e7\u00e3o m\u00e9dia mensal de at\u00e9 R$ 2.766 no ano-base;<\/li>\n\n\n\n<li>Teve os dados corretamente informados pelo empregador no e-Social.<\/li>\n<\/ul>\n\n\n\n<p>Institu\u00eddo pela Lei n\u00ba 7.998\/90, o abono salarial pode chegar at\u00e9 a um sal\u00e1rio m\u00ednimo, proporcional ao per\u00edodo trabalhado. Os recursos v\u00eam do Fundo de Amparo ao Trabalhador (FAT), com a habilita\u00e7\u00e3o feita pelo Minist\u00e9rio do Trabalho e Emprego.<\/p>\n\n\n\n<h2 class=\"wp-block-heading\">Como o pagamento \u00e9 feito<\/h2>\n\n\n\n<p><strong>Para trabalhadores da iniciativa privada (PIS)<\/strong><\/p>\n\n\n\n<p>A Caixa Econ\u00f4mica Federal realiza o pagamento prioritariamente por:<\/p>\n\n\n\n<ul class=\"wp-block-list\">\n<li>Cr\u00e9dito em conta-corrente ou poupan\u00e7a da Caixa;<\/li>\n\n\n\n<li>Dep\u00f3sito em Poupan\u00e7a Social Digital, movimentada pelo aplicativo Caixa Tem.<\/li>\n<\/ul>\n\n\n\n<p>Quem n\u00e3o possui conta pode sacar:<\/p>\n\n\n\n<ul class=\"wp-block-list\">\n<li>Com Cart\u00e3o Social e senha em lot\u00e9ricas, caixas eletr\u00f4nicos e correspondentes CAIXA Aqui;<\/li>\n\n\n\n<li>Nas ag\u00eancias, com documento oficial com foto;<\/li>\n\n\n\n<li>Sem cart\u00e3o, por meio de biometria cadastrada.<\/li>\n<\/ul>\n\n\n\n<p><strong>Para servidores p\u00fablicos (Pasep)<\/strong><\/p>\n\n\n\n<p>O Banco do Brasil faz o pagamento por:<\/p>\n\n\n\n<ul class=\"wp-block-list\">\n<li>Cr\u00e9dito em conta banc\u00e1ria;<\/li>\n\n\n\n<li>Transfer\u00eancia via TED ou Pix;<\/li>\n\n\n\n<li>Saque presencial nas ag\u00eancias, para quem n\u00e3o \u00e9 correntista e n\u00e3o possui chave Pix.<\/li>\n<\/ul>\n\n\n\n<h2 class=\"wp-block-heading\">Como consultar<\/h2>\n\n\n\n<p>Os trabalhadores podem verificar informa\u00e7\u00f5es sobre valor, data e habilita\u00e7\u00e3o pelos seguintes canais:<\/p>\n\n\n\n<ul class=\"wp-block-list\">\n<li>Aplicativo Carteira de Trabalho Digital;<\/li>\n\n\n\n<li>Portal Gov.br;<\/li>\n\n\n\n<li>Telefone 158 (Minist\u00e9rio do Trabalho);<\/li>\n\n\n\n<li>Aplicativos Caixa Tem e Benef\u00edcios Sociais Caixa;<\/li>\n\n\n\n<li>Atendimento Caixa ao Cidad\u00e3o: 0800-726-0207.<\/li>\n<\/ul>\n\n\n\n<p>A expectativa \u00e9 que, em 2026, cerca de 22,2 milh\u00f5es de trabalhadores recebam o abono salarial.<\/p>\n\n\n\n<p><em>Fonte: Portal Ag\u00eancia Brasil<\/em><\/p>\n","protected":false},"excerpt":{"rendered":"<p>Calend\u00e1rio de pagamento segue m\u00eas de nascimento Os trabalhadores nascidos em fevereiro que ganharam at\u00e9 R$ 2.766 com carteira assinada em 2024 recebem nesta segunda-feira (16) o abono salarial.&nbsp;Neste segundo lote,&nbsp;ser\u00e3o liberados R$ 2,5 bilh\u00f5es para cerca de 2 milh\u00f5es de benefici\u00e1rios. Os trabalhadores de Juiz de Fora, Matias Barbosa e Ub\u00e1, munic\u00edpios mineiros afetados [&hellip;]<\/p>\n","protected":false},"author":1,"featured_media":0,"comment_status":"closed","ping_status":"open","sticky":false,"template":"","format":"standard","meta":{"ocean_post_layout":"","ocean_both_sidebars_style":"","ocean_both_sidebars_content_width":0,"ocean_both_sidebars_sidebars_width":0,"ocean_sidebar":"","ocean_second_sidebar":"","ocean_disable_margins":"enable","ocean_add_body_class":"","ocean_shortcode_before_top_bar":"","ocean_shortcode_after_top_bar":"","ocean_shortcode_before_header":"","ocean_shortcode_after_header":"","ocean_has_shortcode":"","ocean_shortcode_after_title":"","ocean_shortcode_before_footer_widgets":"","ocean_shortcode_after_footer_widgets":"","ocean_shortcode_before_footer_bottom":"","ocean_shortcode_after_footer_bottom":"","ocean_display_top_bar":"default","ocean_display_header":"default","ocean_header_style":"","ocean_center_header_left_menu":"","ocean_custom_header_template":"","ocean_custom_logo":0,"ocean_custom_retina_logo":0,"ocean_custom_logo_max_width":0,"ocean_custom_logo_tablet_max_width":0,"ocean_custom_logo_mobile_max_width":0,"ocean_custom_logo_max_height":0,"ocean_custom_logo_tablet_max_height":0,"ocean_custom_logo_mobile_max_height":0,"ocean_header_custom_menu":"","ocean_menu_typo_font_family":"","ocean_menu_typo_font_subset":"","ocean_menu_typo_font_size":0,"ocean_menu_typo_font_size_tablet":0,"ocean_menu_typo_font_size_mobile":0,"ocean_menu_typo_font_size_unit":"px","ocean_menu_typo_font_weight":"","ocean_menu_typo_font_weight_tablet":"","ocean_menu_typo_font_weight_mobile":"","ocean_menu_typo_transform":"","ocean_menu_typo_transform_tablet":"","ocean_menu_typo_transform_mobile":"","ocean_menu_typo_line_height":0,"ocean_menu_typo_line_height_tablet":0,"ocean_menu_typo_line_height_mobile":0,"ocean_menu_typo_line_height_unit":"","ocean_menu_typo_spacing":0,"ocean_menu_typo_spacing_tablet":0,"ocean_menu_typo_spacing_mobile":0,"ocean_menu_typo_spacing_unit":"","ocean_menu_link_color":"","ocean_menu_link_color_hover":"","ocean_menu_link_color_active":"","ocean_menu_link_background":"","ocean_menu_link_hover_background":"","ocean_menu_link_active_background":"","ocean_menu_social_links_bg":"","ocean_menu_social_hover_links_bg":"","ocean_menu_social_links_color":"","ocean_menu_social_hover_links_color":"","ocean_disable_title":"default","ocean_disable_heading":"default","ocean_post_title":"","ocean_post_subheading":"","ocean_post_title_style":"","ocean_post_title_background_color":"","ocean_post_title_background":0,"ocean_post_title_bg_image_position":"","ocean_post_title_bg_image_attachment":"","ocean_post_title_bg_image_repeat":"","ocean_post_title_bg_image_size":"","ocean_post_title_height":0,"ocean_post_title_bg_overlay":0.5,"ocean_post_title_bg_overlay_color":"","ocean_disable_breadcrumbs":"default","ocean_breadcrumbs_color":"","ocean_breadcrumbs_separator_color":"","ocean_breadcrumbs_links_color":"","ocean_breadcrumbs_links_hover_color":"","ocean_display_footer_widgets":"default","ocean_display_footer_bottom":"default","ocean_custom_footer_template":"","ocean_post_oembed":"","ocean_post_self_hosted_media":"","ocean_post_video_embed":"","ocean_link_format":"","ocean_link_format_target":"self","ocean_quote_format":"","ocean_quote_format_link":"post","ocean_gallery_link_images":"on","ocean_gallery_id":[],"footnotes":""},"categories":[1],"tags":[],"class_list":["post-27803","post","type-post","status-publish","format-standard","hentry","category-sem-categoria","entry"],"_links":{"self":[{"href":"https:\/\/sindcon-rj.com.br\/wp\/wp-json\/wp\/v2\/posts\/27803","targetHints":{"allow":["GET"]}}],"collection":[{"href":"https:\/\/sindcon-rj.com.br\/wp\/wp-json\/wp\/v2\/posts"}],"about":[{"href":"https:\/\/sindcon-rj.com.br\/wp\/wp-json\/wp\/v2\/types\/post"}],"author":[{"embeddable":true,"href":"https:\/\/sindcon-rj.com.br\/wp\/wp-json\/wp\/v2\/users\/1"}],"replies":[{"embeddable":true,"href":"https:\/\/sindcon-rj.com.br\/wp\/wp-json\/wp\/v2\/comments?post=27803"}],"version-history":[{"count":1,"href":"https:\/\/sindcon-rj.com.br\/wp\/wp-json\/wp\/v2\/posts\/27803\/revisions"}],"predecessor-version":[{"id":27805,"href":"https:\/\/sindcon-rj.com.br\/wp\/wp-json\/wp\/v2\/posts\/27803\/revisions\/27805"}],"wp:attachment":[{"href":"https:\/\/sindcon-rj.com.br\/wp\/wp-json\/wp\/v2\/media?parent=27803"}],"wp:term":[{"taxonomy":"category","embeddable":true,"href":"https:\/\/sindcon-rj.com.br\/wp\/wp-json\/wp\/v2\/categories?post=27803"},{"taxonomy":"post_tag","embeddable":true,"href":"https:\/\/sindcon-rj.com.br\/wp\/wp-json\/wp\/v2\/tags?post=27803"}],"curies":[{"name":"wp","href":"https:\/\/api.w.org\/{rel}","templated":true}]}}