{"id":27797,"date":"2026-03-18T22:16:00","date_gmt":"2026-03-19T01:16:00","guid":{"rendered":"https:\/\/sindcon-rj.com.br\/wp\/?p=27797"},"modified":"2026-03-19T11:23:59","modified_gmt":"2026-03-19T14:23:59","slug":"governo-endurece-fiscalizacao-contra-reajuste-indevido-de-combustiveis","status":"publish","type":"post","link":"https:\/\/sindcon-rj.com.br\/wp\/governo-endurece-fiscalizacao-contra-reajuste-indevido-de-combustiveis\/","title":{"rendered":"Governo endurece fiscaliza\u00e7\u00e3o contra reajuste indevido de combust\u00edveis"},"content":{"rendered":"\t\t<div data-elementor-type=\"wp-post\" data-elementor-id=\"27797\" class=\"elementor elementor-27797\">\n\t\t\t\t\t\t<section class=\"elementor-section elementor-top-section elementor-element elementor-element-32085a69 elementor-section-boxed elementor-section-height-default elementor-section-height-default\" data-id=\"32085a69\" data-element_type=\"section\">\n\t\t\t\t\t\t<div class=\"elementor-container elementor-column-gap-default\">\n\t\t\t\t\t<div class=\"elementor-column elementor-col-100 elementor-top-column elementor-element elementor-element-7aafeaed\" data-id=\"7aafeaed\" data-element_type=\"column\">\n\t\t\t<div class=\"elementor-widget-wrap elementor-element-populated\">\n\t\t\t\t\t\t<div class=\"elementor-element elementor-element-37b4fa22 elementor-widget elementor-widget-text-editor\" data-id=\"37b4fa22\" data-element_type=\"widget\" data-widget_type=\"text-editor.default\">\n\t\t\t\t<div class=\"elementor-widget-container\">\n\t\t\t\t\t\t\t\t\t\n<h2 class=\"wp-block-heading\">Ministro de Minas Energia prometeu &#8220;n\u00e3o dar tr\u00e9gua&#8221; ao crime<\/h2>\n\n<figure class=\"wp-block-image size-full\"><img fetchpriority=\"high\" decoding=\"async\" width=\"810\" height=\"455\" class=\"wp-image-27798\" src=\"https:\/\/sindcon-rj.com.br\/wp\/wp-content\/uploads\/2026\/03\/Energia.png\" alt=\"\" srcset=\"https:\/\/sindcon-rj.com.br\/wp\/wp-content\/uploads\/2026\/03\/Energia.png 810w, https:\/\/sindcon-rj.com.br\/wp\/wp-content\/uploads\/2026\/03\/Energia-300x169.png 300w, https:\/\/sindcon-rj.com.br\/wp\/wp-content\/uploads\/2026\/03\/Energia-768x431.png 768w, https:\/\/sindcon-rj.com.br\/wp\/wp-content\/uploads\/2026\/03\/Energia-800x450.png 800w\" sizes=\"(max-width: 810px) 100vw, 810px\" \/><\/figure>\n\n<p>O ministro de Minas e Energia, Alexandre Silveira, disse nesta quarta-feira (18) que o governo federal \u201cn\u00e3o dar\u00e1 tr\u00e9gua\u201d para quem eleve\u00a0o pre\u00e7o dos combust\u00edveis indevidamente ou pratique\u00a0\u201ccrime contra a economia popular\u201d.<img decoding=\"async\" src=\"https:\/\/agenciabrasil.ebc.com.br\/ebc.png?id=1682496&amp;o=node\" \/><img decoding=\"async\" src=\"https:\/\/agenciabrasil.ebc.com.br\/ebc.gif?id=1682496&amp;o=node\" \/><\/p>\n\n<p>Em pronunciamento a jornalistas durante o Leil\u00e3o de Reserva de Capacidade de Energia, em S\u00e3o Paulo, o ministro informou que a\u00e7\u00f5es de fiscaliza\u00e7\u00e3o e tamb\u00e9m de desonera\u00e7\u00e3o foram tomadas para frear o aumento do pre\u00e7o dos\u00a0combust\u00edveis no pa\u00eds, afetado pela alta do petr\u00f3leo no mercado internacional no contexto da\u00a0guerra no Oriente M\u00e9dio.<\/p>\n\n<p>\u201cN\u00f3s estamos agindo com a Pol\u00edcia Federal, ANP [Ag\u00eancia Nacional do Petr\u00f3leo, G\u00e1s Natural e Biocombust\u00edveis], Receita Federal, Senacon [Secretaria Nacional do Consumidor]\u00a0e sinergizando com os Procons dos estados para que a gente possa fiscalizar [os pre\u00e7os dos combust\u00edveis]&#8221;, disse.<\/p>\n\n<blockquote class=\"wp-block-quote is-layout-flow wp-block-quote-is-layout-flow\">\n<p>&#8220;E n\u00f3s n\u00e3o teremos um segundo sequer de tr\u00e9gua \u00e0queles que querem delinquir contra o povo brasileiro, contra a economia popular ou contra os pre\u00e7os reais, pre\u00e7os que efetivamente deveriam estar na bomba de combust\u00edveis no Brasil\u201d, completou.<\/p>\n<\/blockquote>\n\n<p>A Uni\u00e3o prop\u00f4s nesta quarta-feira que estados e o Distrito Federal zerem temporariamente o Imposto sobre a Circula\u00e7\u00e3o de Mercadorias e Servi\u00e7os (ICMS) que incide na importa\u00e7\u00e3o de diesel, para conter a alta dos pre\u00e7os dos combust\u00edveis.\u00a0Em contrapartida, a Uni\u00e3o se compromete a compensar 50% da perda de arrecada\u00e7\u00e3o.<\/p>\n\n<p>Na semana passada,\u00a0o governo j\u00e1 havia anunciado a suspens\u00e3o das al\u00edquotas do PIS e da\u00a0Cofins sobre a importa\u00e7\u00e3o e comercializa\u00e7\u00e3o do diesel.<\/p>\n\n<p>Silveira afirmou que o governo adotou as medidas\u00a0de forma proativa,\u00a0criando uma compensa\u00e7\u00e3o ao\u00a0aumento do diesel anunciado pela Petrobras.<\/p>\n\n<p>&#8220;E agora o governo avan\u00e7a mais, unificando as suas for\u00e7as de vigil\u00e2ncia, para poder combater n\u00e3o s\u00f3 o crime organizado no setor de combust\u00edvel, como tamb\u00e9m o crime contra a economia popular e o crime contra os cart\u00e9is&#8221;, concluiu o ministro.<\/p>\n\n<h2 class=\"wp-block-heading\">Fiscaliza\u00e7\u00e3o<\/h2>\n\n<p><strong>Segundo o ministro, a\u00a0Pol\u00edcia Federal instaurou inqu\u00e9ritos para investigar casos j\u00e1 detectados de abusos nos pre\u00e7os dos combust\u00edveis.\u00a0<\/strong>De acordo com a ANP, 46 postos e uma distribuidora de combust\u00edveis foram fiscalizados na ter\u00e7a-feira em 22 cidades\u00a0de dez estados e do Distrito Federal. Durante a a\u00e7\u00e3o, foram lavrados 11 autos de infra\u00e7\u00e3o e tr\u00eas de interdi\u00e7\u00e3o, por diferentes motivos.<\/p>\n\n<p>\u201cEsses dados ser\u00e3o analisados pela ANP e, em caso de caracteriza\u00e7\u00e3o de pre\u00e7os abusivos, poder\u00e3o gerar autua\u00e7\u00f5es, processos administrativos e, ao final dos processos, multas\u201d, disse a ANP, em nota.<\/p>\n\n<p><strong>Segundo a ag\u00eancia, as multas podem variar entre R$ 50 mil e R$ 500 milh\u00f5es, dependendo da gravidade da conduta e do porte do infrator.<\/strong><\/p>\n\n<p><em>Fonte: Portal Ag\u00eancia Brasil<\/em><\/p>\n\t\t\t\t\t\t\t\t<\/div>\n\t\t\t\t<\/div>\n\t\t\t\t\t<\/div>\n\t\t<\/div>\n\t\t\t\t\t<\/div>\n\t\t<\/section>\n\t\t\t\t<\/div>\n\t\t","protected":false},"excerpt":{"rendered":"<p>Ministro de Minas Energia prometeu &#8220;n\u00e3o dar tr\u00e9gua&#8221; ao crime O ministro de Minas e Energia, Alexandre Silveira, disse nesta quarta-feira (18) que o governo federal \u201cn\u00e3o dar\u00e1 tr\u00e9gua\u201d para quem eleve\u00a0o pre\u00e7o dos combust\u00edveis indevidamente ou pratique\u00a0\u201ccrime contra a economia popular\u201d. Em pronunciamento a jornalistas durante o Leil\u00e3o de Reserva de Capacidade de Energia, [&hellip;]<\/p>\n","protected":false},"author":1,"featured_media":0,"comment_status":"closed","ping_status":"open","sticky":false,"template":"","format":"standard","meta":{"ocean_post_layout":"","ocean_both_sidebars_style":"","ocean_both_sidebars_content_width":0,"ocean_both_sidebars_sidebars_width":0,"ocean_sidebar":"","ocean_second_sidebar":"","ocean_disable_margins":"enable","ocean_add_body_class":"","ocean_shortcode_before_top_bar":"","ocean_shortcode_after_top_bar":"","ocean_shortcode_before_header":"","ocean_shortcode_after_header":"","ocean_has_shortcode":"","ocean_shortcode_after_title":"","ocean_shortcode_before_footer_widgets":"","ocean_shortcode_after_footer_widgets":"","ocean_shortcode_before_footer_bottom":"","ocean_shortcode_after_footer_bottom":"","ocean_display_top_bar":"default","ocean_display_header":"default","ocean_header_style":"","ocean_center_header_left_menu":"","ocean_custom_header_template":"","ocean_custom_logo":0,"ocean_custom_retina_logo":0,"ocean_custom_logo_max_width":0,"ocean_custom_logo_tablet_max_width":0,"ocean_custom_logo_mobile_max_width":0,"ocean_custom_logo_max_height":0,"ocean_custom_logo_tablet_max_height":0,"ocean_custom_logo_mobile_max_height":0,"ocean_header_custom_menu":"","ocean_menu_typo_font_family":"","ocean_menu_typo_font_subset":"","ocean_menu_typo_font_size":0,"ocean_menu_typo_font_size_tablet":0,"ocean_menu_typo_font_size_mobile":0,"ocean_menu_typo_font_size_unit":"px","ocean_menu_typo_font_weight":"","ocean_menu_typo_font_weight_tablet":"","ocean_menu_typo_font_weight_mobile":"","ocean_menu_typo_transform":"","ocean_menu_typo_transform_tablet":"","ocean_menu_typo_transform_mobile":"","ocean_menu_typo_line_height":0,"ocean_menu_typo_line_height_tablet":0,"ocean_menu_typo_line_height_mobile":0,"ocean_menu_typo_line_height_unit":"","ocean_menu_typo_spacing":0,"ocean_menu_typo_spacing_tablet":0,"ocean_menu_typo_spacing_mobile":0,"ocean_menu_typo_spacing_unit":"","ocean_menu_link_color":"","ocean_menu_link_color_hover":"","ocean_menu_link_color_active":"","ocean_menu_link_background":"","ocean_menu_link_hover_background":"","ocean_menu_link_active_background":"","ocean_menu_social_links_bg":"","ocean_menu_social_hover_links_bg":"","ocean_menu_social_links_color":"","ocean_menu_social_hover_links_color":"","ocean_disable_title":"default","ocean_disable_heading":"default","ocean_post_title":"","ocean_post_subheading":"","ocean_post_title_style":"","ocean_post_title_background_color":"","ocean_post_title_background":0,"ocean_post_title_bg_image_position":"","ocean_post_title_bg_image_attachment":"","ocean_post_title_bg_image_repeat":"","ocean_post_title_bg_image_size":"","ocean_post_title_height":0,"ocean_post_title_bg_overlay":0.5,"ocean_post_title_bg_overlay_color":"","ocean_disable_breadcrumbs":"default","ocean_breadcrumbs_color":"","ocean_breadcrumbs_separator_color":"","ocean_breadcrumbs_links_color":"","ocean_breadcrumbs_links_hover_color":"","ocean_display_footer_widgets":"default","ocean_display_footer_bottom":"default","ocean_custom_footer_template":"","ocean_post_oembed":"","ocean_post_self_hosted_media":"","ocean_post_video_embed":"","ocean_link_format":"","ocean_link_format_target":"self","ocean_quote_format":"","ocean_quote_format_link":"post","ocean_gallery_link_images":"on","ocean_gallery_id":[],"footnotes":""},"categories":[1],"tags":[],"class_list":["post-27797","post","type-post","status-publish","format-standard","hentry","category-sem-categoria","entry"],"_links":{"self":[{"href":"https:\/\/sindcon-rj.com.br\/wp\/wp-json\/wp\/v2\/posts\/27797","targetHints":{"allow":["GET"]}}],"collection":[{"href":"https:\/\/sindcon-rj.com.br\/wp\/wp-json\/wp\/v2\/posts"}],"about":[{"href":"https:\/\/sindcon-rj.com.br\/wp\/wp-json\/wp\/v2\/types\/post"}],"author":[{"embeddable":true,"href":"https:\/\/sindcon-rj.com.br\/wp\/wp-json\/wp\/v2\/users\/1"}],"replies":[{"embeddable":true,"href":"https:\/\/sindcon-rj.com.br\/wp\/wp-json\/wp\/v2\/comments?post=27797"}],"version-history":[{"count":4,"href":"https:\/\/sindcon-rj.com.br\/wp\/wp-json\/wp\/v2\/posts\/27797\/revisions"}],"predecessor-version":[{"id":27802,"href":"https:\/\/sindcon-rj.com.br\/wp\/wp-json\/wp\/v2\/posts\/27797\/revisions\/27802"}],"wp:attachment":[{"href":"https:\/\/sindcon-rj.com.br\/wp\/wp-json\/wp\/v2\/media?parent=27797"}],"wp:term":[{"taxonomy":"category","embeddable":true,"href":"https:\/\/sindcon-rj.com.br\/wp\/wp-json\/wp\/v2\/categories?post=27797"},{"taxonomy":"post_tag","embeddable":true,"href":"https:\/\/sindcon-rj.com.br\/wp\/wp-json\/wp\/v2\/tags?post=27797"}],"curies":[{"name":"wp","href":"https:\/\/api.w.org\/{rel}","templated":true}]}}