{"id":27384,"date":"2025-10-15T20:46:00","date_gmt":"2025-10-15T23:46:00","guid":{"rendered":"https:\/\/sindcon-rj.com.br\/wp\/?p=27384"},"modified":"2025-10-17T07:54:59","modified_gmt":"2025-10-17T10:54:59","slug":"empreendedores-negros-batem-recorde-de-renda-mas-diferenca-salarial-ainda-e-grande","status":"publish","type":"post","link":"https:\/\/sindcon-rj.com.br\/wp\/empreendedores-negros-batem-recorde-de-renda-mas-diferenca-salarial-ainda-e-grande\/","title":{"rendered":"Empreendedores negros batem recorde de renda, mas diferen\u00e7a salarial ainda \u00e9 grande"},"content":{"rendered":"\t\t<div data-elementor-type=\"wp-post\" data-elementor-id=\"27384\" class=\"elementor elementor-27384\">\n\t\t\t\t\t\t<section class=\"elementor-section elementor-top-section elementor-element elementor-element-51896171 elementor-section-boxed elementor-section-height-default elementor-section-height-default\" data-id=\"51896171\" data-element_type=\"section\">\n\t\t\t\t\t\t<div class=\"elementor-container elementor-column-gap-default\">\n\t\t\t\t\t<div class=\"elementor-column elementor-col-100 elementor-top-column elementor-element elementor-element-1d06a657\" data-id=\"1d06a657\" data-element_type=\"column\">\n\t\t\t<div class=\"elementor-widget-wrap elementor-element-populated\">\n\t\t\t\t\t\t<div class=\"elementor-element elementor-element-29c3fc61 elementor-widget elementor-widget-text-editor\" data-id=\"29c3fc61\" data-element_type=\"widget\" data-widget_type=\"text-editor.default\">\n\t\t\t\t<div class=\"elementor-widget-container\">\n\t\t\t\t\t\t\t\t\t\n<figure class=\"wp-block-image size-full\"><img fetchpriority=\"high\" decoding=\"async\" width=\"810\" height=\"455\" class=\"wp-image-27385\" src=\"https:\/\/sindcon-rj.com.br\/wp\/wp-content\/uploads\/2025\/10\/ebrae-rio-5.png\" alt=\"\" srcset=\"https:\/\/sindcon-rj.com.br\/wp\/wp-content\/uploads\/2025\/10\/ebrae-rio-5.png 810w, https:\/\/sindcon-rj.com.br\/wp\/wp-content\/uploads\/2025\/10\/ebrae-rio-5-300x169.png 300w, https:\/\/sindcon-rj.com.br\/wp\/wp-content\/uploads\/2025\/10\/ebrae-rio-5-768x431.png 768w, https:\/\/sindcon-rj.com.br\/wp\/wp-content\/uploads\/2025\/10\/ebrae-rio-5-800x450.png 800w\" sizes=\"(max-width: 810px) 100vw, 810px\" \/><\/figure>\n\n<p>Apesar do avan\u00e7o hist\u00f3rico na renda dos empreendedores negros em 2024, o abismo racial nos neg\u00f3cios brasileiros continua escancarado. Um estudo do Sebrae, com base em dados da PNAD Cont\u00ednua Anual, mostra que os empres\u00e1rios negros registraram os maiores ganhos em mais de uma d\u00e9cada e, em quase todas as faixas de renda, cresceram mais do que os brancos. Ainda assim, a desigualdade segue gritante: a renda m\u00e9dia total dos donos de neg\u00f3cios negros permanece 35,7% menor que a dos empres\u00e1rios brancos.<\/p>\n\n<p>O levantamento re\u00fane dados desde 2012. Mesmo com a renda per capita m\u00e9dia dos empreendedores negros atingindo R$ 2.700,98, o melhor resultado desde 2012, o n\u00famero ainda est\u00e1 longe dos R$ 4.202,56 alcan\u00e7ados pelos brancos.<\/p>\n\n<p>A pesquisa mostra tamb\u00e9m que a participa\u00e7\u00e3o de negros diminui conforme a renda per capita aumenta. Na faixa dos beneficiados pelo Programa Bolsa Fam\u00edlia, eles representam 81,1% dos empreendedores. Essa participa\u00e7\u00e3o cai para 72,9% na faixa de renda menor ou igual a meio sal\u00e1rio-m\u00ednimo e \u00e9 ainda menor na faixa de renda superior a 3 sal\u00e1rios-m\u00ednimos, onde os negros s\u00e3o apenas 28,2%.<\/p>\n\n<p>Para o presidente do Sebrae, D\u00e9cio Lima, \u00e9 preciso que o pa\u00eds continue investindo cada vez mais em a\u00e7\u00f5es de inclus\u00e3o e de resgate da maior parcela empreendedora do pa\u00eds para ajudar a mudar a realidade apontada no estudo.<\/p>\n\n<p>&#8211; O empreendedorismo \u00e9 uma ferramenta de inclus\u00e3o social e produtiva no nosso pa\u00eds. A cria\u00e7\u00e3o desses neg\u00f3cios gera muitos impactos positivos, disponibilizando emprego e renda.<\/p>\n\n<p>Os negros (pretos + pardos) empreendedores j\u00e1 somam mais de 16 milh\u00f5es de donos de neg\u00f3cios no pa\u00eds, um crescimento de 28,3% nos \u00faltimos 10 anos. Os brancos totalizam cerca de 14 milh\u00f5es de empreendedores, com crescimento de 18,4% no mesmo per\u00edodo.<\/p>\n\n<p><em>Fonte: Jornal O Globo<\/em><\/p>\n\n<p>\u00a0<\/p>\n\t\t\t\t\t\t\t\t<\/div>\n\t\t\t\t<\/div>\n\t\t\t\t\t<\/div>\n\t\t<\/div>\n\t\t\t\t\t<\/div>\n\t\t<\/section>\n\t\t\t\t<\/div>\n\t\t","protected":false},"excerpt":{"rendered":"<p>Apesar do avan\u00e7o hist\u00f3rico na renda dos empreendedores negros em 2024, o abismo racial nos neg\u00f3cios brasileiros continua escancarado. Um estudo do Sebrae, com base em dados da PNAD Cont\u00ednua Anual, mostra que os empres\u00e1rios negros registraram os maiores ganhos em mais de uma d\u00e9cada e, em quase todas as faixas de renda, cresceram mais [&hellip;]<\/p>\n","protected":false},"author":1,"featured_media":0,"comment_status":"closed","ping_status":"closed","sticky":false,"template":"","format":"standard","meta":{"ocean_post_layout":"","ocean_both_sidebars_style":"","ocean_both_sidebars_content_width":0,"ocean_both_sidebars_sidebars_width":0,"ocean_sidebar":"","ocean_second_sidebar":"","ocean_disable_margins":"enable","ocean_add_body_class":"","ocean_shortcode_before_top_bar":"","ocean_shortcode_after_top_bar":"","ocean_shortcode_before_header":"","ocean_shortcode_after_header":"","ocean_has_shortcode":"","ocean_shortcode_after_title":"","ocean_shortcode_before_footer_widgets":"","ocean_shortcode_after_footer_widgets":"","ocean_shortcode_before_footer_bottom":"","ocean_shortcode_after_footer_bottom":"","ocean_display_top_bar":"default","ocean_display_header":"default","ocean_header_style":"","ocean_center_header_left_menu":"","ocean_custom_header_template":"","ocean_custom_logo":0,"ocean_custom_retina_logo":0,"ocean_custom_logo_max_width":0,"ocean_custom_logo_tablet_max_width":0,"ocean_custom_logo_mobile_max_width":0,"ocean_custom_logo_max_height":0,"ocean_custom_logo_tablet_max_height":0,"ocean_custom_logo_mobile_max_height":0,"ocean_header_custom_menu":"","ocean_menu_typo_font_family":"","ocean_menu_typo_font_subset":"","ocean_menu_typo_font_size":0,"ocean_menu_typo_font_size_tablet":0,"ocean_menu_typo_font_size_mobile":0,"ocean_menu_typo_font_size_unit":"px","ocean_menu_typo_font_weight":"","ocean_menu_typo_font_weight_tablet":"","ocean_menu_typo_font_weight_mobile":"","ocean_menu_typo_transform":"","ocean_menu_typo_transform_tablet":"","ocean_menu_typo_transform_mobile":"","ocean_menu_typo_line_height":0,"ocean_menu_typo_line_height_tablet":0,"ocean_menu_typo_line_height_mobile":0,"ocean_menu_typo_line_height_unit":"","ocean_menu_typo_spacing":0,"ocean_menu_typo_spacing_tablet":0,"ocean_menu_typo_spacing_mobile":0,"ocean_menu_typo_spacing_unit":"","ocean_menu_link_color":"","ocean_menu_link_color_hover":"","ocean_menu_link_color_active":"","ocean_menu_link_background":"","ocean_menu_link_hover_background":"","ocean_menu_link_active_background":"","ocean_menu_social_links_bg":"","ocean_menu_social_hover_links_bg":"","ocean_menu_social_links_color":"","ocean_menu_social_hover_links_color":"","ocean_disable_title":"default","ocean_disable_heading":"default","ocean_post_title":"","ocean_post_subheading":"","ocean_post_title_style":"","ocean_post_title_background_color":"","ocean_post_title_background":0,"ocean_post_title_bg_image_position":"","ocean_post_title_bg_image_attachment":"","ocean_post_title_bg_image_repeat":"","ocean_post_title_bg_image_size":"","ocean_post_title_height":0,"ocean_post_title_bg_overlay":0.5,"ocean_post_title_bg_overlay_color":"","ocean_disable_breadcrumbs":"default","ocean_breadcrumbs_color":"","ocean_breadcrumbs_separator_color":"","ocean_breadcrumbs_links_color":"","ocean_breadcrumbs_links_hover_color":"","ocean_display_footer_widgets":"default","ocean_display_footer_bottom":"default","ocean_custom_footer_template":"","ocean_post_oembed":"","ocean_post_self_hosted_media":"","ocean_post_video_embed":"","ocean_link_format":"","ocean_link_format_target":"self","ocean_quote_format":"","ocean_quote_format_link":"post","ocean_gallery_link_images":"on","ocean_gallery_id":[],"footnotes":""},"categories":[1],"tags":[],"class_list":["post-27384","post","type-post","status-publish","format-standard","hentry","category-sem-categoria","entry"],"_links":{"self":[{"href":"https:\/\/sindcon-rj.com.br\/wp\/wp-json\/wp\/v2\/posts\/27384","targetHints":{"allow":["GET"]}}],"collection":[{"href":"https:\/\/sindcon-rj.com.br\/wp\/wp-json\/wp\/v2\/posts"}],"about":[{"href":"https:\/\/sindcon-rj.com.br\/wp\/wp-json\/wp\/v2\/types\/post"}],"author":[{"embeddable":true,"href":"https:\/\/sindcon-rj.com.br\/wp\/wp-json\/wp\/v2\/users\/1"}],"replies":[{"embeddable":true,"href":"https:\/\/sindcon-rj.com.br\/wp\/wp-json\/wp\/v2\/comments?post=27384"}],"version-history":[{"count":4,"href":"https:\/\/sindcon-rj.com.br\/wp\/wp-json\/wp\/v2\/posts\/27384\/revisions"}],"predecessor-version":[{"id":27389,"href":"https:\/\/sindcon-rj.com.br\/wp\/wp-json\/wp\/v2\/posts\/27384\/revisions\/27389"}],"wp:attachment":[{"href":"https:\/\/sindcon-rj.com.br\/wp\/wp-json\/wp\/v2\/media?parent=27384"}],"wp:term":[{"taxonomy":"category","embeddable":true,"href":"https:\/\/sindcon-rj.com.br\/wp\/wp-json\/wp\/v2\/categories?post=27384"},{"taxonomy":"post_tag","embeddable":true,"href":"https:\/\/sindcon-rj.com.br\/wp\/wp-json\/wp\/v2\/tags?post=27384"}],"curies":[{"name":"wp","href":"https:\/\/api.w.org\/{rel}","templated":true}]}}