{"id":26878,"date":"2025-05-19T23:22:00","date_gmt":"2025-05-20T02:22:00","guid":{"rendered":"https:\/\/sindcon-rj.com.br\/wp\/?p=26878"},"modified":"2025-05-22T19:34:22","modified_gmt":"2025-05-22T22:34:22","slug":"desigualdade-no-mercado-de-trabalho-persiste-negros-jovens-e-mulheres-sao-os-mais-afetados","status":"publish","type":"post","link":"https:\/\/sindcon-rj.com.br\/wp\/desigualdade-no-mercado-de-trabalho-persiste-negros-jovens-e-mulheres-sao-os-mais-afetados\/","title":{"rendered":"Desigualdade no mercado de trabalho persiste: negros, jovens e mulheres s\u00e3o os mais afetados"},"content":{"rendered":"\t\t<div data-elementor-type=\"wp-post\" data-elementor-id=\"26878\" class=\"elementor elementor-26878\">\n\t\t\t\t\t\t<section class=\"elementor-section elementor-top-section elementor-element elementor-element-68e58b2c elementor-section-boxed elementor-section-height-default elementor-section-height-default\" data-id=\"68e58b2c\" data-element_type=\"section\">\n\t\t\t\t\t\t<div class=\"elementor-container elementor-column-gap-default\">\n\t\t\t\t\t<div class=\"elementor-column elementor-col-100 elementor-top-column elementor-element elementor-element-7c5049c8\" data-id=\"7c5049c8\" data-element_type=\"column\">\n\t\t\t<div class=\"elementor-widget-wrap elementor-element-populated\">\n\t\t\t\t\t\t<div class=\"elementor-element elementor-element-73ee08ba elementor-widget elementor-widget-text-editor\" data-id=\"73ee08ba\" data-element_type=\"widget\" data-widget_type=\"text-editor.default\">\n\t\t\t\t<div class=\"elementor-widget-container\">\n\t\t\t\t\t\t\t\t\t\n<figure class=\"wp-block-image size-full\"><img fetchpriority=\"high\" decoding=\"async\" width=\"810\" height=\"455\" class=\"wp-image-26881\" src=\"https:\/\/sindcon-rj.com.br\/wp\/wp-content\/uploads\/2025\/05\/trabalho.png\" alt=\"\" srcset=\"https:\/\/sindcon-rj.com.br\/wp\/wp-content\/uploads\/2025\/05\/trabalho.png 810w, https:\/\/sindcon-rj.com.br\/wp\/wp-content\/uploads\/2025\/05\/trabalho-300x169.png 300w, https:\/\/sindcon-rj.com.br\/wp\/wp-content\/uploads\/2025\/05\/trabalho-768x431.png 768w, https:\/\/sindcon-rj.com.br\/wp\/wp-content\/uploads\/2025\/05\/trabalho-800x450.png 800w\" sizes=\"(max-width: 810px) 100vw, 810px\" \/><\/figure>\n\n<p>O desemprego subiu no primeiro trimestre em rela\u00e7\u00e3o ao fim do 2024, segundo dados da PNAD: 7% contra 6,2%, segundo o IBGE. Apesar de a eleva\u00e7\u00e3o ter, em parte, um componente sazonal, ela escancara as desigualdades persistentes no mercado de trabalho brasileiro. Mulheres, jovens, pretos e pardos seguem entre os grupos mais afetados.<\/p>\n\n<p>&#8211; As barreiras de g\u00eanero e ra\u00e7a continuam muito fortes quando olhamos para os dados de desemprego. Essas desigualdades persistem ao longo do tempo e se mostram de forma muito clara nos n\u00fameros &#8211; destaca Andr\u00e9 Mancha, economista e gerente da JOI Brasil (Jobs and Opportunities Initiative), iniciativa da J-Pal LAC.<\/p>\n\n<p>Entre as mulheres, a taxa de desemprego chegou a 8,7%, bem acima dos 5,7% registrados entre os homens. O recorte racial tamb\u00e9m revela disparidades marcantes: pretos t\u00eam taxa de 8,0% e pardos, de 8,4%, ambas superiores aos 7,0% verificados entre brancos.<\/p>\n\n<p>A situa\u00e7\u00e3o \u00e9 ainda mais cr\u00edtica entre os jovens. Na faixa de 14 a 17 anos, o desemprego atinge 26,4%. J\u00e1 entre aqueles de 18 a 24 anos, a taxa chega a 14,9%.<\/p>\n\n<p>A composi\u00e7\u00e3o da popula\u00e7\u00e3o desocupada tamb\u00e9m mudou nos \u00faltimos anos, refor\u00e7ando esse cen\u00e1rio de desigualdade racial. No primeiro trimestre de 2012, os pardos representavam 49,0% dos 7,6 milh\u00f5es de desempregados no pa\u00eds; os brancos, 40,0%; e os pretos, 10,2%. Em 2025, com um contingente estimado em 7,7 milh\u00f5es de pessoas desocupadas, a participa\u00e7\u00e3o dos pardos subiu para 50,6%, enquanto a dos brancos caiu para 34,3% e a dos pretos aumentou para 14,1%.<\/p>\n\n<p>&#8211; Em alguns estados, como Pernambuco e Amazonas, a taxa de desemprego entre pretos e pardos chega a quase 14% e 12%, respectivamente. Isso refor\u00e7a algo que estudamos bastante: os obst\u00e1culos estruturais que esses grupos enfrentam para acessar o mercado de trabalho &#8211; considera Andr\u00e9.<\/p>\n\n<p><em>Fonte: Jornal O Globo<\/em><\/p>\n\n<p>\u00a0<\/p>\n\t\t\t\t\t\t\t\t<\/div>\n\t\t\t\t<\/div>\n\t\t\t\t\t<\/div>\n\t\t<\/div>\n\t\t\t\t\t<\/div>\n\t\t<\/section>\n\t\t\t\t<\/div>\n\t\t","protected":false},"excerpt":{"rendered":"<p>O desemprego subiu no primeiro trimestre em rela\u00e7\u00e3o ao fim do 2024, segundo dados da PNAD: 7% contra 6,2%, segundo o IBGE. Apesar de a eleva\u00e7\u00e3o ter, em parte, um componente sazonal, ela escancara as desigualdades persistentes no mercado de trabalho brasileiro. Mulheres, jovens, pretos e pardos seguem entre os grupos mais afetados. &#8211; As [&hellip;]<\/p>\n","protected":false},"author":1,"featured_media":0,"comment_status":"closed","ping_status":"closed","sticky":false,"template":"","format":"standard","meta":{"ocean_post_layout":"","ocean_both_sidebars_style":"","ocean_both_sidebars_content_width":0,"ocean_both_sidebars_sidebars_width":0,"ocean_sidebar":"","ocean_second_sidebar":"","ocean_disable_margins":"enable","ocean_add_body_class":"","ocean_shortcode_before_top_bar":"","ocean_shortcode_after_top_bar":"","ocean_shortcode_before_header":"","ocean_shortcode_after_header":"","ocean_has_shortcode":"","ocean_shortcode_after_title":"","ocean_shortcode_before_footer_widgets":"","ocean_shortcode_after_footer_widgets":"","ocean_shortcode_before_footer_bottom":"","ocean_shortcode_after_footer_bottom":"","ocean_display_top_bar":"default","ocean_display_header":"default","ocean_header_style":"","ocean_center_header_left_menu":"","ocean_custom_header_template":"","ocean_custom_logo":0,"ocean_custom_retina_logo":0,"ocean_custom_logo_max_width":0,"ocean_custom_logo_tablet_max_width":0,"ocean_custom_logo_mobile_max_width":0,"ocean_custom_logo_max_height":0,"ocean_custom_logo_tablet_max_height":0,"ocean_custom_logo_mobile_max_height":0,"ocean_header_custom_menu":"","ocean_menu_typo_font_family":"","ocean_menu_typo_font_subset":"","ocean_menu_typo_font_size":0,"ocean_menu_typo_font_size_tablet":0,"ocean_menu_typo_font_size_mobile":0,"ocean_menu_typo_font_size_unit":"px","ocean_menu_typo_font_weight":"","ocean_menu_typo_font_weight_tablet":"","ocean_menu_typo_font_weight_mobile":"","ocean_menu_typo_transform":"","ocean_menu_typo_transform_tablet":"","ocean_menu_typo_transform_mobile":"","ocean_menu_typo_line_height":0,"ocean_menu_typo_line_height_tablet":0,"ocean_menu_typo_line_height_mobile":0,"ocean_menu_typo_line_height_unit":"","ocean_menu_typo_spacing":0,"ocean_menu_typo_spacing_tablet":0,"ocean_menu_typo_spacing_mobile":0,"ocean_menu_typo_spacing_unit":"","ocean_menu_link_color":"","ocean_menu_link_color_hover":"","ocean_menu_link_color_active":"","ocean_menu_link_background":"","ocean_menu_link_hover_background":"","ocean_menu_link_active_background":"","ocean_menu_social_links_bg":"","ocean_menu_social_hover_links_bg":"","ocean_menu_social_links_color":"","ocean_menu_social_hover_links_color":"","ocean_disable_title":"default","ocean_disable_heading":"default","ocean_post_title":"","ocean_post_subheading":"","ocean_post_title_style":"","ocean_post_title_background_color":"","ocean_post_title_background":0,"ocean_post_title_bg_image_position":"","ocean_post_title_bg_image_attachment":"","ocean_post_title_bg_image_repeat":"","ocean_post_title_bg_image_size":"","ocean_post_title_height":0,"ocean_post_title_bg_overlay":0.5,"ocean_post_title_bg_overlay_color":"","ocean_disable_breadcrumbs":"default","ocean_breadcrumbs_color":"","ocean_breadcrumbs_separator_color":"","ocean_breadcrumbs_links_color":"","ocean_breadcrumbs_links_hover_color":"","ocean_display_footer_widgets":"default","ocean_display_footer_bottom":"default","ocean_custom_footer_template":"","ocean_post_oembed":"","ocean_post_self_hosted_media":"","ocean_post_video_embed":"","ocean_link_format":"","ocean_link_format_target":"self","ocean_quote_format":"","ocean_quote_format_link":"post","ocean_gallery_link_images":"on","ocean_gallery_id":[],"footnotes":""},"categories":[1],"tags":[],"class_list":["post-26878","post","type-post","status-publish","format-standard","hentry","category-sem-categoria","entry"],"_links":{"self":[{"href":"https:\/\/sindcon-rj.com.br\/wp\/wp-json\/wp\/v2\/posts\/26878","targetHints":{"allow":["GET"]}}],"collection":[{"href":"https:\/\/sindcon-rj.com.br\/wp\/wp-json\/wp\/v2\/posts"}],"about":[{"href":"https:\/\/sindcon-rj.com.br\/wp\/wp-json\/wp\/v2\/types\/post"}],"author":[{"embeddable":true,"href":"https:\/\/sindcon-rj.com.br\/wp\/wp-json\/wp\/v2\/users\/1"}],"replies":[{"embeddable":true,"href":"https:\/\/sindcon-rj.com.br\/wp\/wp-json\/wp\/v2\/comments?post=26878"}],"version-history":[{"count":6,"href":"https:\/\/sindcon-rj.com.br\/wp\/wp-json\/wp\/v2\/posts\/26878\/revisions"}],"predecessor-version":[{"id":26886,"href":"https:\/\/sindcon-rj.com.br\/wp\/wp-json\/wp\/v2\/posts\/26878\/revisions\/26886"}],"wp:attachment":[{"href":"https:\/\/sindcon-rj.com.br\/wp\/wp-json\/wp\/v2\/media?parent=26878"}],"wp:term":[{"taxonomy":"category","embeddable":true,"href":"https:\/\/sindcon-rj.com.br\/wp\/wp-json\/wp\/v2\/categories?post=26878"},{"taxonomy":"post_tag","embeddable":true,"href":"https:\/\/sindcon-rj.com.br\/wp\/wp-json\/wp\/v2\/tags?post=26878"}],"curies":[{"name":"wp","href":"https:\/\/api.w.org\/{rel}","templated":true}]}}