{"id":26139,"date":"2024-10-31T09:45:32","date_gmt":"2024-10-31T12:45:32","guid":{"rendered":"https:\/\/sindcon-rj.com.br\/wp\/?p=26139"},"modified":"2024-10-31T09:50:22","modified_gmt":"2024-10-31T12:50:22","slug":"desemprego-cai-para-64-em-setembro-o-menor-da-serie-historica","status":"publish","type":"post","link":"https:\/\/sindcon-rj.com.br\/wp\/desemprego-cai-para-64-em-setembro-o-menor-da-serie-historica\/","title":{"rendered":"Desemprego cai para 6,4% em setembro, o menor da s\u00e9rie hist\u00f3rica"},"content":{"rendered":"\t\t<div data-elementor-type=\"wp-post\" data-elementor-id=\"26139\" class=\"elementor elementor-26139\">\n\t\t\t\t\t\t<section class=\"elementor-section elementor-top-section elementor-element elementor-element-6c0f24d4 elementor-section-boxed elementor-section-height-default elementor-section-height-default\" data-id=\"6c0f24d4\" data-element_type=\"section\">\n\t\t\t\t\t\t<div class=\"elementor-container elementor-column-gap-default\">\n\t\t\t\t\t<div class=\"elementor-column elementor-col-100 elementor-top-column elementor-element elementor-element-72a025ff\" data-id=\"72a025ff\" data-element_type=\"column\">\n\t\t\t<div class=\"elementor-widget-wrap elementor-element-populated\">\n\t\t\t\t\t\t<div class=\"elementor-element elementor-element-3220be11 elementor-widget elementor-widget-text-editor\" data-id=\"3220be11\" data-element_type=\"widget\" data-widget_type=\"text-editor.default\">\n\t\t\t\t<div class=\"elementor-widget-container\">\n\t\t\t\t\t\t\t\t\t\n<h2 class=\"wp-block-heading\">Desempenho foi puxado pela ind\u00fastria e com\u00e9rcio, que abriram mais de 700 mil postos de trabalho no trimestre<\/h2>\n\n\n\n<figure class=\"wp-block-image size-full\"><img fetchpriority=\"high\" decoding=\"async\" width=\"810\" height=\"455\" src=\"https:\/\/sindcon-rj.com.br\/wp\/wp-content\/uploads\/2024\/10\/Desemprego.png\" alt=\"\" class=\"wp-image-26140\" srcset=\"https:\/\/sindcon-rj.com.br\/wp\/wp-content\/uploads\/2024\/10\/Desemprego.png 810w, https:\/\/sindcon-rj.com.br\/wp\/wp-content\/uploads\/2024\/10\/Desemprego-300x169.png 300w, https:\/\/sindcon-rj.com.br\/wp\/wp-content\/uploads\/2024\/10\/Desemprego-768x431.png 768w, https:\/\/sindcon-rj.com.br\/wp\/wp-content\/uploads\/2024\/10\/Desemprego-800x450.png 800w\" sizes=\"(max-width: 810px) 100vw, 810px\" \/><\/figure>\n\n\n\n<p>A taxa de desemprego caiu para 6,4% no trimestre m\u00f3vel encerrado em setembro. Trata-se da menor taxa j\u00e1 registrada para este m\u00eas e a segunda menor j\u00e1 registrado em toda a s\u00e9rie hist\u00f3rica da pesquisada, iniciada em 2012. Atualmente, o pa\u00eds conta com 103 milh\u00f5es de pessoas ocupadas, o maior contingente j\u00e1 registrado.<\/p>\n\n\n\n<p>O n\u00famero de trabalhadores no setor privado tamb\u00e9m atingiu recorde, somando 53,3 milh\u00f5es de trabalhadores, sendo 39 milh\u00f5es com carteira assinada e 14,3 milh\u00f5es sem carteira.<\/p>\n\n\n\n<ul class=\"wp-block-list\">\n<li>O resultado foi puxado pelo desempenho da ind\u00fastria e com\u00e9rcio, que abriram mais de 700 mil postos de trabalho no trimestre<\/li>\n\n\n\n<li>A taxa de desemprego do trimestre encerrado em junho, que serve de compara\u00e7\u00e3o, foi de 6,9%<\/li>\n\n\n\n<li>Os dados fazem parte da Pesquisa Nacional por Amostra de Domic\u00edlios Cont\u00ednua (Pnad Cont\u00ednua), divulgada pelo\u00a0IBGE\u00a0nesta quinta-feira<\/li>\n<\/ul>\n\n\n\n<p>Cerca de 7 milh\u00f5es de pessoas estavam em busca de uma oportunidade no trimestre, ou seja, eram consideradas desempregadas pelos crit\u00e9rios da pesquisa. \u00c9 o menor contingente desde o trimestre encerrado em janeiro de 2015.<\/p>\n\n\n\n<h2 class=\"wp-block-heading\">Ind\u00fastria e com\u00e9rcio puxam vagas<\/h2>\n\n\n\n<p>O bom desempenho do mercado de trabalho foi pela ind\u00fastria e pelo com\u00e9rcio, que abriram mais de 700 mil postos de trabalho no trimestre. S\u00f3 a ind\u00fastria registrou incremento de 416 mil profissionais, alta de 3,2% no trimestre. O com\u00e9rcio, por sua vez, absorveu 291 mil trabalhadores &#8211; alta de 1,5% no trimestre &#8211; e chegou ao recorde de 19,6 milh\u00f5es de pessoas ocupadas. Os demais setores permaneceram-se est\u00e1veis.<\/p>\n\n\n\n<p>\u2014 O terceiro trimestre aponta para reten\u00e7\u00e3o ou crescimento de ocupados na maioria dos grupamentos de atividades. Em particular, a ind\u00fastria registrou aumento do\u00a0emprego\u00a0com carteira assinada. J\u00e1 no com\u00e9rcio, embora a carteira assinada tamb\u00e9m tenha sido incrementada, o crescimento predominante foi por meio do emprego sem carteira \u2014 explica Adriana Beringuy, gerente da pesquisa.<\/p>\n\n\n\n<h2 class=\"wp-block-heading\">Recorde de emprego com carteira<\/h2>\n\n\n\n<p>O setor privado atingiu recorde com 53,3 milh\u00f5es de trabalhadores, uma alta de 2,2% no trimestre e de 5,3% no ano. Dentro deste contingente, o n\u00famero de empregados com carteira assinada cresceu 1,5% no trimestre e 4,3% no ano, chegando ao maior patamar da s\u00e9rie (39 milh\u00f5es).<\/p>\n\n\n\n<p>J\u00e1 o n\u00famero de empregados sem carteira aumentou 3,9% no trimestre (mais 540 mil pessoas), alcan\u00e7ando 14,3 milh\u00f5es. No ano, a alta foi de 8,1% (mais 1,1 milh\u00e3o de pessoas).<\/p>\n\n\n\n<p>O contingente de trabalhadores no setor p\u00fablico tamb\u00e9m atingiu seu maior n\u00edvel: 12,8 milh\u00f5es de trabalhadores. Apesar de ter se mantido est\u00e1vel no trimestre, o setor p\u00fablico apresentou um crescimento anual de 4,6%, com mais 568 mil pessoas empregadas.<\/p>\n\n\n\n<p>O aumento foi impulsionado principalmente pelos servidores sem carteira, com alta de 4,2% no trimestre e 9,1% no ano, enquanto o grupo de militares e servidores estatut\u00e1rios ficaram est\u00e1veis \u200b\u200bem ambas as compara\u00e7\u00f5es.<\/p>\n\n\n\n<h2 class=\"wp-block-heading\">Pnad x Caged<\/h2>\n\n\n\n<p>A Pnad traz informa\u00e7\u00f5es sobre trabalhadores formais e informais. A pesquisa \u00e9 divulgada mensalmente, mas traz informa\u00e7\u00f5es trimestrais. A coleta de dados \u00e9 feita em regi\u00f5es metropolitanas do pa\u00eds.<\/p>\n\n\n\n<p>J\u00e1 a pesquisa do Cadastro Geral de Empregados e Desempregados (Caged), do Minist\u00e9rio do Trabalho s\u00f3 traz informa\u00e7\u00f5es sobre trabalho com carteira assinada, com base no que as empresas informam ao minist\u00e9rio. Os dados s\u00e3o mensais.<\/p>\n\n\n\n<p>Os n\u00fameros mais recentes foram divulgados na quarta-feira e mostraram que o\u00a0Brasil abriu 248 mil postos de trabalho em setembro, acima das estimativas.<\/p>\n\n\n\n<p><em>Fonte: Jornal O Globo<\/em><\/p>\n\t\t\t\t\t\t\t\t<\/div>\n\t\t\t\t<\/div>\n\t\t\t\t\t<\/div>\n\t\t<\/div>\n\t\t\t\t\t<\/div>\n\t\t<\/section>\n\t\t\t\t<\/div>\n\t\t","protected":false},"excerpt":{"rendered":"<p>Desempenho foi puxado pela ind\u00fastria e com\u00e9rcio, que abriram mais de 700 mil postos de trabalho no trimestre A taxa de desemprego caiu para 6,4% no trimestre m\u00f3vel encerrado em setembro. Trata-se da menor taxa j\u00e1 registrada para este m\u00eas e a segunda menor j\u00e1 registrado em toda a s\u00e9rie hist\u00f3rica da pesquisada, iniciada em [&hellip;]<\/p>\n","protected":false},"author":1,"featured_media":0,"comment_status":"closed","ping_status":"closed","sticky":false,"template":"","format":"standard","meta":{"ocean_post_layout":"","ocean_both_sidebars_style":"","ocean_both_sidebars_content_width":0,"ocean_both_sidebars_sidebars_width":0,"ocean_sidebar":"","ocean_second_sidebar":"","ocean_disable_margins":"enable","ocean_add_body_class":"","ocean_shortcode_before_top_bar":"","ocean_shortcode_after_top_bar":"","ocean_shortcode_before_header":"","ocean_shortcode_after_header":"","ocean_has_shortcode":"","ocean_shortcode_after_title":"","ocean_shortcode_before_footer_widgets":"","ocean_shortcode_after_footer_widgets":"","ocean_shortcode_before_footer_bottom":"","ocean_shortcode_after_footer_bottom":"","ocean_display_top_bar":"default","ocean_display_header":"default","ocean_header_style":"","ocean_center_header_left_menu":"","ocean_custom_header_template":"","ocean_custom_logo":0,"ocean_custom_retina_logo":0,"ocean_custom_logo_max_width":0,"ocean_custom_logo_tablet_max_width":0,"ocean_custom_logo_mobile_max_width":0,"ocean_custom_logo_max_height":0,"ocean_custom_logo_tablet_max_height":0,"ocean_custom_logo_mobile_max_height":0,"ocean_header_custom_menu":"","ocean_menu_typo_font_family":"","ocean_menu_typo_font_subset":"","ocean_menu_typo_font_size":0,"ocean_menu_typo_font_size_tablet":0,"ocean_menu_typo_font_size_mobile":0,"ocean_menu_typo_font_size_unit":"px","ocean_menu_typo_font_weight":"","ocean_menu_typo_font_weight_tablet":"","ocean_menu_typo_font_weight_mobile":"","ocean_menu_typo_transform":"","ocean_menu_typo_transform_tablet":"","ocean_menu_typo_transform_mobile":"","ocean_menu_typo_line_height":0,"ocean_menu_typo_line_height_tablet":0,"ocean_menu_typo_line_height_mobile":0,"ocean_menu_typo_line_height_unit":"","ocean_menu_typo_spacing":0,"ocean_menu_typo_spacing_tablet":0,"ocean_menu_typo_spacing_mobile":0,"ocean_menu_typo_spacing_unit":"","ocean_menu_link_color":"","ocean_menu_link_color_hover":"","ocean_menu_link_color_active":"","ocean_menu_link_background":"","ocean_menu_link_hover_background":"","ocean_menu_link_active_background":"","ocean_menu_social_links_bg":"","ocean_menu_social_hover_links_bg":"","ocean_menu_social_links_color":"","ocean_menu_social_hover_links_color":"","ocean_disable_title":"default","ocean_disable_heading":"default","ocean_post_title":"","ocean_post_subheading":"","ocean_post_title_style":"","ocean_post_title_background_color":"","ocean_post_title_background":0,"ocean_post_title_bg_image_position":"","ocean_post_title_bg_image_attachment":"","ocean_post_title_bg_image_repeat":"","ocean_post_title_bg_image_size":"","ocean_post_title_height":0,"ocean_post_title_bg_overlay":0.5,"ocean_post_title_bg_overlay_color":"","ocean_disable_breadcrumbs":"default","ocean_breadcrumbs_color":"","ocean_breadcrumbs_separator_color":"","ocean_breadcrumbs_links_color":"","ocean_breadcrumbs_links_hover_color":"","ocean_display_footer_widgets":"default","ocean_display_footer_bottom":"default","ocean_custom_footer_template":"","ocean_post_oembed":"","ocean_post_self_hosted_media":"","ocean_post_video_embed":"","ocean_link_format":"","ocean_link_format_target":"self","ocean_quote_format":"","ocean_quote_format_link":"post","ocean_gallery_link_images":"on","ocean_gallery_id":[],"footnotes":""},"categories":[1],"tags":[],"class_list":["post-26139","post","type-post","status-publish","format-standard","hentry","category-sem-categoria","entry"],"_links":{"self":[{"href":"https:\/\/sindcon-rj.com.br\/wp\/wp-json\/wp\/v2\/posts\/26139","targetHints":{"allow":["GET"]}}],"collection":[{"href":"https:\/\/sindcon-rj.com.br\/wp\/wp-json\/wp\/v2\/posts"}],"about":[{"href":"https:\/\/sindcon-rj.com.br\/wp\/wp-json\/wp\/v2\/types\/post"}],"author":[{"embeddable":true,"href":"https:\/\/sindcon-rj.com.br\/wp\/wp-json\/wp\/v2\/users\/1"}],"replies":[{"embeddable":true,"href":"https:\/\/sindcon-rj.com.br\/wp\/wp-json\/wp\/v2\/comments?post=26139"}],"version-history":[{"count":4,"href":"https:\/\/sindcon-rj.com.br\/wp\/wp-json\/wp\/v2\/posts\/26139\/revisions"}],"predecessor-version":[{"id":26144,"href":"https:\/\/sindcon-rj.com.br\/wp\/wp-json\/wp\/v2\/posts\/26139\/revisions\/26144"}],"wp:attachment":[{"href":"https:\/\/sindcon-rj.com.br\/wp\/wp-json\/wp\/v2\/media?parent=26139"}],"wp:term":[{"taxonomy":"category","embeddable":true,"href":"https:\/\/sindcon-rj.com.br\/wp\/wp-json\/wp\/v2\/categories?post=26139"},{"taxonomy":"post_tag","embeddable":true,"href":"https:\/\/sindcon-rj.com.br\/wp\/wp-json\/wp\/v2\/tags?post=26139"}],"curies":[{"name":"wp","href":"https:\/\/api.w.org\/{rel}","templated":true}]}}