{"id":25896,"date":"2024-09-20T14:07:36","date_gmt":"2024-09-20T17:07:36","guid":{"rendered":"https:\/\/sindcon-rj.com.br\/wp\/?p=25896"},"modified":"2024-09-20T14:11:02","modified_gmt":"2024-09-20T17:11:02","slug":"melhora-do-mercado-de-trabalho-aumenta-otimismo-na-busca-por-emprego","status":"publish","type":"post","link":"https:\/\/sindcon-rj.com.br\/wp\/melhora-do-mercado-de-trabalho-aumenta-otimismo-na-busca-por-emprego\/","title":{"rendered":"Melhora do mercado de trabalho aumenta otimismo na busca por emprego"},"content":{"rendered":"\t\t<div data-elementor-type=\"wp-post\" data-elementor-id=\"25896\" class=\"elementor elementor-25896\">\n\t\t\t\t\t\t<section class=\"elementor-section elementor-top-section elementor-element elementor-element-4ba05774 elementor-section-boxed elementor-section-height-default elementor-section-height-default\" data-id=\"4ba05774\" data-element_type=\"section\">\n\t\t\t\t\t\t<div class=\"elementor-container elementor-column-gap-default\">\n\t\t\t\t\t<div class=\"elementor-column elementor-col-100 elementor-top-column elementor-element elementor-element-5310fa4c\" data-id=\"5310fa4c\" data-element_type=\"column\">\n\t\t\t<div class=\"elementor-widget-wrap elementor-element-populated\">\n\t\t\t\t\t\t<div class=\"elementor-element elementor-element-af8e033 elementor-widget elementor-widget-text-editor\" data-id=\"af8e033\" data-element_type=\"widget\" data-widget_type=\"text-editor.default\">\n\t\t\t\t<div class=\"elementor-widget-container\">\n\t\t\t\t\t\t\t\t\t\n<figure class=\"wp-block-image size-full\"><img fetchpriority=\"high\" decoding=\"async\" width=\"810\" height=\"455\" src=\"https:\/\/sindcon-rj.com.br\/wp\/wp-content\/uploads\/2024\/09\/trabalho.png\" alt=\"\" class=\"wp-image-25897\" srcset=\"https:\/\/sindcon-rj.com.br\/wp\/wp-content\/uploads\/2024\/09\/trabalho.png 810w, https:\/\/sindcon-rj.com.br\/wp\/wp-content\/uploads\/2024\/09\/trabalho-300x169.png 300w, https:\/\/sindcon-rj.com.br\/wp\/wp-content\/uploads\/2024\/09\/trabalho-768x431.png 768w, https:\/\/sindcon-rj.com.br\/wp\/wp-content\/uploads\/2024\/09\/trabalho-800x450.png 800w\" sizes=\"(max-width: 810px) 100vw, 810px\" \/><\/figure>\n\n\n\n<p>Na busca por uma nova coloca\u00e7\u00e3o profissional desde julho, o analista de marketing Pedro Barb\u00e9rio, 23, v\u00ea com bons olhos a redu\u00e7\u00e3o do desemprego ao menor n\u00edvel da s\u00e9rie hist\u00f3rica. &#8220;Esse n\u00famero me anima na procura por uma vaga. \u00c9 uma not\u00edcia que considero muito importante n\u00e3o s\u00f3 para mim mesmo, mas para a sociedade&#8221;, declara. A percep\u00e7\u00e3o de Barb\u00e9rio \u00e9 a mesma compartilhada por especialistas do mercado de trabalho<\/p>\n\n\n\n<p><strong>O que aconteceu<\/strong><br>Taxa de desemprego \u00e9 a mais baixa da hist\u00f3ria para o m\u00eas de julho. A \u00faltima divulga\u00e7\u00e3o da Pnad Continua (Pesquisa Nacional por Amostra de Domic\u00edlios), do IBGE (Instituto Brasileiro de Geografia e Estat\u00edstica), mostra que 6,8% da popula\u00e7\u00e3o est\u00e1 desempregada &#8211; 7,4 milh\u00f5es procuraram sem sucesso por uma coloca\u00e7\u00e3o profissional no trimestre encerrado em julho, menor valor da s\u00e9rie iniciada em 2012.<\/p>\n\n\n\n<p><strong>Cen\u00e1rio auxilia os profissionais que procuram por posto de trabalho.<\/strong> &#8220;O momento \u00e9 prop\u00edcio para quem busca um novo emprego&#8221;, reconhece C\u00edntia Britto, diretora de recursos humanos da Aurum. &#8220;Essa taxa de desemprego beneficia, porque as pessoas t\u00eam uma op\u00e7\u00e3o&#8221;, refor\u00e7a H\u00e9lio Zylberstajn, professor s\u00eanior da Faculdade de Economia da USP (Universidade de S\u00e3o Paulo).<\/p>\n\n\n\n<p><strong>Concorr\u00eancia \u00e9 vista como problema na busca por nova coloca\u00e7\u00e3o. <\/strong>Rec\u00e9m-formado, Barb\u00e9rio menciona dificuldade para ser contratado na \u00e1rea de forma\u00e7\u00e3o e avalia que as empresas buscam por profissionais com mais experi\u00eancia. &#8220;Eu at\u00e9 encontro vagas dispon\u00edveis, mas a concorr\u00eancia acaba dificultando&#8221;, lamenta o analista de marketing.<\/p>\n\n\n\n<blockquote class=\"wp-block-quote is-layout-flow wp-block-quote-is-layout-flow\">\n<p>&#8220;Como sou rec\u00e9m-formado, talvez as empresas procurem por algu\u00e9m com muita experi\u00eancia.&#8221;<br><strong>Pedro Barb\u00e9rio, analista de marketing<\/strong><\/p>\n<\/blockquote>\n\n\n\n<p><strong>Trabalho como motorista de aplicativo classifica Barb\u00e9rio como ocupado. <\/strong>Por exercer a atividade para complementar a renda ap\u00f3s a sa\u00edda do emprego anterior, o analista de marketing n\u00e3o \u00e9 considerado desempregado. A defini\u00e7\u00e3o da Pnad vale apenas para aqueles que n\u00e3o completaram pelo menos uma hora inteira em trabalho remunerado no per\u00edodo de refer\u00eancia da pesquisa.<\/p>\n\n\n\n<p><strong>Sal\u00e1rios melhores<br>An\u00e1lise salarial ajuda a entender melhora do mercado profissional. <\/strong>Os \u00faltimos dados do Caged (Cadastro Geral de Empregados e Desempregados) mostram uma proximidade da remunera\u00e7\u00e3o paga aos profissionais contratados (R$ 2.161,37) e desligados (R$ 2.232,45). Zylberstajn explica que a proximidade entre os valores cria uma &#8220;press\u00e3o salarial&#8221; e evid\u00eancia o bom momento do mercado de trabalho nacional.<\/p>\n\n\n\n<blockquote class=\"wp-block-quote is-layout-flow wp-block-quote-is-layout-flow\">\n<p>&#8220;Quem est\u00e1 entrando no mercado est\u00e1 ganhando praticamente o mesmo de quem est\u00e1 saindo. Estamos pr\u00f3ximos do esgotamento da for\u00e7a de trabalho, o que torna o ambiente favor\u00e1vel para quem quer mudar de emprego.&#8221;<br><strong>Helio Zylberstajn, professor especialista em mercado de trabalho<\/strong>.<\/p>\n<\/blockquote>\n\n\n\n<p><strong>Momento positivo tamb\u00e9m \u00e9 prop\u00edcio na luta pelos reajustes salariais.<\/strong> Com o mercado de trabalho aquecido, os trabalhadores ganham voz na disputa por melhores remunera\u00e7\u00f5es. &#8220;O cen\u00e1rio atual permite que os profissionais comprovem seu valor e negociem melhor e tenham mais poder para decidir se a oferta salarial \u00e9 aceit\u00e1vel ou n\u00e3o&#8221;, reconhece Britto.<\/p>\n\n\n\n<p><strong>Cen\u00e1rio j\u00e1 foi observado nas \u00faltimas negocia\u00e7\u00f5es salariais<\/strong>. Segundo o Dieese (Departamento Intersindical de Estat\u00edstica e Estudos Socioecon\u00f4micos), 86,7% dos reajustes ofereceram ganhos acima da infla\u00e7\u00e3o aos profissional em agosto. Por outro lado, aumentou a propor\u00e7\u00e3o de resultados que n\u00e3o repuseram as perdas (de 7,4% para 10%).<\/p>\n\n\n\n<p><em>Fonte: UOL Economia<\/em><\/p>\n\t\t\t\t\t\t\t\t<\/div>\n\t\t\t\t<\/div>\n\t\t\t\t\t<\/div>\n\t\t<\/div>\n\t\t\t\t\t<\/div>\n\t\t<\/section>\n\t\t\t\t<\/div>\n\t\t","protected":false},"excerpt":{"rendered":"<p>Na busca por uma nova coloca\u00e7\u00e3o profissional desde julho, o analista de marketing Pedro Barb\u00e9rio, 23, v\u00ea com bons olhos a redu\u00e7\u00e3o do desemprego ao menor n\u00edvel da s\u00e9rie hist\u00f3rica. &#8220;Esse n\u00famero me anima na procura por uma vaga. \u00c9 uma not\u00edcia que considero muito importante n\u00e3o s\u00f3 para mim mesmo, mas para a sociedade&#8221;, [&hellip;]<\/p>\n","protected":false},"author":1,"featured_media":0,"comment_status":"closed","ping_status":"closed","sticky":false,"template":"","format":"standard","meta":{"ocean_post_layout":"","ocean_both_sidebars_style":"","ocean_both_sidebars_content_width":0,"ocean_both_sidebars_sidebars_width":0,"ocean_sidebar":"","ocean_second_sidebar":"","ocean_disable_margins":"enable","ocean_add_body_class":"","ocean_shortcode_before_top_bar":"","ocean_shortcode_after_top_bar":"","ocean_shortcode_before_header":"","ocean_shortcode_after_header":"","ocean_has_shortcode":"","ocean_shortcode_after_title":"","ocean_shortcode_before_footer_widgets":"","ocean_shortcode_after_footer_widgets":"","ocean_shortcode_before_footer_bottom":"","ocean_shortcode_after_footer_bottom":"","ocean_display_top_bar":"default","ocean_display_header":"default","ocean_header_style":"","ocean_center_header_left_menu":"","ocean_custom_header_template":"","ocean_custom_logo":0,"ocean_custom_retina_logo":0,"ocean_custom_logo_max_width":0,"ocean_custom_logo_tablet_max_width":0,"ocean_custom_logo_mobile_max_width":0,"ocean_custom_logo_max_height":0,"ocean_custom_logo_tablet_max_height":0,"ocean_custom_logo_mobile_max_height":0,"ocean_header_custom_menu":"","ocean_menu_typo_font_family":"","ocean_menu_typo_font_subset":"","ocean_menu_typo_font_size":0,"ocean_menu_typo_font_size_tablet":0,"ocean_menu_typo_font_size_mobile":0,"ocean_menu_typo_font_size_unit":"px","ocean_menu_typo_font_weight":"","ocean_menu_typo_font_weight_tablet":"","ocean_menu_typo_font_weight_mobile":"","ocean_menu_typo_transform":"","ocean_menu_typo_transform_tablet":"","ocean_menu_typo_transform_mobile":"","ocean_menu_typo_line_height":0,"ocean_menu_typo_line_height_tablet":0,"ocean_menu_typo_line_height_mobile":0,"ocean_menu_typo_line_height_unit":"","ocean_menu_typo_spacing":0,"ocean_menu_typo_spacing_tablet":0,"ocean_menu_typo_spacing_mobile":0,"ocean_menu_typo_spacing_unit":"","ocean_menu_link_color":"","ocean_menu_link_color_hover":"","ocean_menu_link_color_active":"","ocean_menu_link_background":"","ocean_menu_link_hover_background":"","ocean_menu_link_active_background":"","ocean_menu_social_links_bg":"","ocean_menu_social_hover_links_bg":"","ocean_menu_social_links_color":"","ocean_menu_social_hover_links_color":"","ocean_disable_title":"default","ocean_disable_heading":"default","ocean_post_title":"","ocean_post_subheading":"","ocean_post_title_style":"","ocean_post_title_background_color":"","ocean_post_title_background":0,"ocean_post_title_bg_image_position":"","ocean_post_title_bg_image_attachment":"","ocean_post_title_bg_image_repeat":"","ocean_post_title_bg_image_size":"","ocean_post_title_height":0,"ocean_post_title_bg_overlay":0.5,"ocean_post_title_bg_overlay_color":"","ocean_disable_breadcrumbs":"default","ocean_breadcrumbs_color":"","ocean_breadcrumbs_separator_color":"","ocean_breadcrumbs_links_color":"","ocean_breadcrumbs_links_hover_color":"","ocean_display_footer_widgets":"default","ocean_display_footer_bottom":"default","ocean_custom_footer_template":"","ocean_post_oembed":"","ocean_post_self_hosted_media":"","ocean_post_video_embed":"","ocean_link_format":"","ocean_link_format_target":"self","ocean_quote_format":"","ocean_quote_format_link":"post","ocean_gallery_link_images":"on","ocean_gallery_id":[],"footnotes":""},"categories":[1],"tags":[],"class_list":["post-25896","post","type-post","status-publish","format-standard","hentry","category-sem-categoria","entry"],"_links":{"self":[{"href":"https:\/\/sindcon-rj.com.br\/wp\/wp-json\/wp\/v2\/posts\/25896","targetHints":{"allow":["GET"]}}],"collection":[{"href":"https:\/\/sindcon-rj.com.br\/wp\/wp-json\/wp\/v2\/posts"}],"about":[{"href":"https:\/\/sindcon-rj.com.br\/wp\/wp-json\/wp\/v2\/types\/post"}],"author":[{"embeddable":true,"href":"https:\/\/sindcon-rj.com.br\/wp\/wp-json\/wp\/v2\/users\/1"}],"replies":[{"embeddable":true,"href":"https:\/\/sindcon-rj.com.br\/wp\/wp-json\/wp\/v2\/comments?post=25896"}],"version-history":[{"count":4,"href":"https:\/\/sindcon-rj.com.br\/wp\/wp-json\/wp\/v2\/posts\/25896\/revisions"}],"predecessor-version":[{"id":25901,"href":"https:\/\/sindcon-rj.com.br\/wp\/wp-json\/wp\/v2\/posts\/25896\/revisions\/25901"}],"wp:attachment":[{"href":"https:\/\/sindcon-rj.com.br\/wp\/wp-json\/wp\/v2\/media?parent=25896"}],"wp:term":[{"taxonomy":"category","embeddable":true,"href":"https:\/\/sindcon-rj.com.br\/wp\/wp-json\/wp\/v2\/categories?post=25896"},{"taxonomy":"post_tag","embeddable":true,"href":"https:\/\/sindcon-rj.com.br\/wp\/wp-json\/wp\/v2\/tags?post=25896"}],"curies":[{"name":"wp","href":"https:\/\/api.w.org\/{rel}","templated":true}]}}