{"id":25476,"date":"2024-06-03T19:58:00","date_gmt":"2024-06-03T22:58:00","guid":{"rendered":"https:\/\/sindcon-rj.com.br\/wp\/?p=25476"},"modified":"2024-06-04T14:03:14","modified_gmt":"2024-06-04T17:03:14","slug":"governo-propoe-taxar-previdencia-privada-em-heranca-a-pedido-de-estados","status":"publish","type":"post","link":"https:\/\/sindcon-rj.com.br\/wp\/governo-propoe-taxar-previdencia-privada-em-heranca-a-pedido-de-estados\/","title":{"rendered":"Governo prop\u00f5e taxar previd\u00eancia privada em heran\u00e7a a pedido de estados"},"content":{"rendered":"\t\t<div data-elementor-type=\"wp-post\" data-elementor-id=\"25476\" class=\"elementor elementor-25476\">\n\t\t\t\t\t\t<section class=\"elementor-section elementor-top-section elementor-element elementor-element-54f3ba8e elementor-section-boxed elementor-section-height-default elementor-section-height-default\" data-id=\"54f3ba8e\" data-element_type=\"section\">\n\t\t\t\t\t\t<div class=\"elementor-container elementor-column-gap-default\">\n\t\t\t\t\t<div class=\"elementor-column elementor-col-100 elementor-top-column elementor-element elementor-element-3ba2e1a7\" data-id=\"3ba2e1a7\" data-element_type=\"column\">\n\t\t\t<div class=\"elementor-widget-wrap elementor-element-populated\">\n\t\t\t\t\t\t<div class=\"elementor-element elementor-element-1154b5a0 elementor-widget elementor-widget-text-editor\" data-id=\"1154b5a0\" data-element_type=\"widget\" data-widget_type=\"text-editor.default\">\n\t\t\t\t<div class=\"elementor-widget-container\">\n\t\t\t\t\t\t\t\t\t\n<h2 class=\"wp-block-heading\">Medida consta de projeto que regulamenta reforma tribut\u00e1ria, a ser analisado pelo Congresso<\/h2>\n\n\n\n<figure class=\"wp-block-image size-full\"><img fetchpriority=\"high\" decoding=\"async\" width=\"810\" height=\"455\" src=\"https:\/\/sindcon-rj.com.br\/wp\/wp-content\/uploads\/2024\/06\/governo.png\" alt=\"\" class=\"wp-image-25477\" srcset=\"https:\/\/sindcon-rj.com.br\/wp\/wp-content\/uploads\/2024\/06\/governo.png 810w, https:\/\/sindcon-rj.com.br\/wp\/wp-content\/uploads\/2024\/06\/governo-300x169.png 300w, https:\/\/sindcon-rj.com.br\/wp\/wp-content\/uploads\/2024\/06\/governo-768x431.png 768w, https:\/\/sindcon-rj.com.br\/wp\/wp-content\/uploads\/2024\/06\/governo-800x450.png 800w\" sizes=\"(max-width: 810px) 100vw, 810px\" \/><\/figure>\n\n\n\n<p>O governo do presidente Luiz In\u00e1cio Lula da Silva (PT) vai propor a possibilidade de estados taxarem recursos aportados em planos de previd\u00eancia privada transmitidos a benefici\u00e1rios por meio de heran\u00e7a.<\/p>\n\n\n\n<p>Alguns deles j\u00e1 cobram o ITCMD (Imposto sobre a Transmiss\u00e3o Causa Mortis e Doa\u00e7\u00e3o de Quaisquer Bens ou Direitos), valor de compet\u00eancia estadual, sobre planos do tipo PGBL e VGBL. No entanto, as regras n\u00e3o s\u00e3o homog\u00eaneas e enfrentam questionamentos na Justi\u00e7a.<\/p>\n\n\n\n<p>A inclus\u00e3o da autoriza\u00e7\u00e3o no segundo projeto de lei complementar que regulamenta a reforma tribut\u00e1ria foi um pedido dos pr\u00f3prios estados, que ficar\u00e3o com os eventuais recursos arrecadados com a medida, sem reflexos para a Uni\u00e3o.<\/p>\n\n\n\n<p>O Congresso Nacional ainda precisar\u00e1 analisar a proposta e pode fazer altera\u00e7\u00f5es. Se a medida for aprovada, os governadores ainda precisar\u00e3o detalhar seu funcionamento e fixar as al\u00edquotas em n\u00edvel local, por meio de lei ordin\u00e1ria.<\/p>\n\n\n\n<p>O objetivo do projeto de lei complementar \u00e9 uniformizar as normas em \u00e2mbito nacional e dar maior seguran\u00e7a jur\u00eddica \u00e0 cobran\u00e7a do tributo, que poder\u00e1 ser recolhido mesmo se os valores do plano de previd\u00eancia n\u00e3o forem listados no invent\u00e1rio do benefici\u00e1rio morto.<\/p>\n\n\n\n<p>O texto exclui da taxa\u00e7\u00e3o os planos similares a seguros de vida, que pagam uma indeniza\u00e7\u00e3o em caso de morte do segurado em valor sem rela\u00e7\u00e3o direta com o montante aportado.<\/p>\n\n\n\n<p>O projeto de lei tamb\u00e9m busca uniformizar a base de c\u00e1lculo do ITCMD no caso de heran\u00e7a contendo participa\u00e7\u00f5es societ\u00e1rias. Alguns estados consideram o valor de mercado das empresas, enquanto outros permitem a incid\u00eancia sobre o valor patrimonial (que costuma ser menor) caso o bem n\u00e3o tenha sido negociado em mercado nos meses anteriores \u00e0 transmiss\u00e3o.<\/p>\n\n\n\n<p>Em termos gerais, o texto do projeto diz que a legisla\u00e7\u00e3o estadual ou distrital poder\u00e1 considerar como base de c\u00e1lculo do imposto o valor de mercado do bem ou do direito transmitido na data da declara\u00e7\u00e3o do contribuinte ou da avalia\u00e7\u00e3o pela administra\u00e7\u00e3o tribut\u00e1ria.<\/p>\n\n\n\n<p>No caso espec\u00edfico de cotas ou a\u00e7\u00f5es emitidas por pessoas jur\u00eddicas, a proposta prev\u00ea que a base de c\u00e1lculo do ITCMD ser\u00e1 determinada de acordo com as regras que privilegiam o valor de mercado.<\/p>\n\n\n\n<p>Segundo t\u00e9cnicos, o texto foi proposto pelos estados e passou por uma an\u00e1lise jur\u00eddica no \u00e2mbito da Uni\u00e3o, com o objetivo de assegurar que as regras n\u00e3o entrassem em conflito com decis\u00f5es j\u00e1 tomadas pelo STF (Supremo Tribunal Federal), como o afastamento de ITCMD sobre seguros de vida, por exemplo.<\/p>\n\n\n\n<p>O projeto prev\u00ea ainda que a al\u00edquota do ITCMD ser\u00e1 progressiva, respeitando o limite m\u00e1ximo estipulado em resolu\u00e7\u00e3o do Senado Federal (hoje em 8%).<\/p>\n\n\n\n<p>A progressividade, por\u00e9m, dever\u00e1 ser implementada pelos pr\u00f3prios governadores por meio de leis ordin\u00e1rias. Eles ter\u00e3o autonomia para decidir os n\u00edveis de cobran\u00e7a do imposto.<\/p>\n\n\n\n<p>T\u00e9cnicos admitem que o conceito de progressividade ficou bastante gen\u00e9rico, inclusive no texto da emenda constitucional da reforma tribut\u00e1ria. Um estado que preveja faixa de isen\u00e7\u00e3o at\u00e9 determinado valor do bem herdado e uma al\u00edquota sobre patrim\u00f4nios avaliados acima disso j\u00e1 pode, via de regra, ter seu sistema enquadrado como progressivo.<\/p>\n\n\n\n<p>Por isso, a cria\u00e7\u00e3o de uma escada de al\u00edquotas, majoradas quanto maior for o valor do patrim\u00f4nio transmitido via heran\u00e7a ou doa\u00e7\u00e3o, vai depender da disposi\u00e7\u00e3o de cada governador.<\/p>\n\n\n\n<p><em>Fonte: Jornal Folha de S.Paulo<\/em><\/p>\n\t\t\t\t\t\t\t\t<\/div>\n\t\t\t\t<\/div>\n\t\t\t\t\t<\/div>\n\t\t<\/div>\n\t\t\t\t\t<\/div>\n\t\t<\/section>\n\t\t\t\t<\/div>\n\t\t","protected":false},"excerpt":{"rendered":"<p>Medida consta de projeto que regulamenta reforma tribut\u00e1ria, a ser analisado pelo Congresso O governo do presidente Luiz In\u00e1cio Lula da Silva (PT) vai propor a possibilidade de estados taxarem recursos aportados em planos de previd\u00eancia privada transmitidos a benefici\u00e1rios por meio de heran\u00e7a. Alguns deles j\u00e1 cobram o ITCMD (Imposto sobre a Transmiss\u00e3o Causa [&hellip;]<\/p>\n","protected":false},"author":1,"featured_media":0,"comment_status":"closed","ping_status":"closed","sticky":false,"template":"","format":"standard","meta":{"ocean_post_layout":"","ocean_both_sidebars_style":"","ocean_both_sidebars_content_width":0,"ocean_both_sidebars_sidebars_width":0,"ocean_sidebar":"","ocean_second_sidebar":"","ocean_disable_margins":"enable","ocean_add_body_class":"","ocean_shortcode_before_top_bar":"","ocean_shortcode_after_top_bar":"","ocean_shortcode_before_header":"","ocean_shortcode_after_header":"","ocean_has_shortcode":"","ocean_shortcode_after_title":"","ocean_shortcode_before_footer_widgets":"","ocean_shortcode_after_footer_widgets":"","ocean_shortcode_before_footer_bottom":"","ocean_shortcode_after_footer_bottom":"","ocean_display_top_bar":"default","ocean_display_header":"default","ocean_header_style":"","ocean_center_header_left_menu":"","ocean_custom_header_template":"","ocean_custom_logo":0,"ocean_custom_retina_logo":0,"ocean_custom_logo_max_width":0,"ocean_custom_logo_tablet_max_width":0,"ocean_custom_logo_mobile_max_width":0,"ocean_custom_logo_max_height":0,"ocean_custom_logo_tablet_max_height":0,"ocean_custom_logo_mobile_max_height":0,"ocean_header_custom_menu":"","ocean_menu_typo_font_family":"","ocean_menu_typo_font_subset":"","ocean_menu_typo_font_size":0,"ocean_menu_typo_font_size_tablet":0,"ocean_menu_typo_font_size_mobile":0,"ocean_menu_typo_font_size_unit":"px","ocean_menu_typo_font_weight":"","ocean_menu_typo_font_weight_tablet":"","ocean_menu_typo_font_weight_mobile":"","ocean_menu_typo_transform":"","ocean_menu_typo_transform_tablet":"","ocean_menu_typo_transform_mobile":"","ocean_menu_typo_line_height":0,"ocean_menu_typo_line_height_tablet":0,"ocean_menu_typo_line_height_mobile":0,"ocean_menu_typo_line_height_unit":"","ocean_menu_typo_spacing":0,"ocean_menu_typo_spacing_tablet":0,"ocean_menu_typo_spacing_mobile":0,"ocean_menu_typo_spacing_unit":"","ocean_menu_link_color":"","ocean_menu_link_color_hover":"","ocean_menu_link_color_active":"","ocean_menu_link_background":"","ocean_menu_link_hover_background":"","ocean_menu_link_active_background":"","ocean_menu_social_links_bg":"","ocean_menu_social_hover_links_bg":"","ocean_menu_social_links_color":"","ocean_menu_social_hover_links_color":"","ocean_disable_title":"default","ocean_disable_heading":"default","ocean_post_title":"","ocean_post_subheading":"","ocean_post_title_style":"","ocean_post_title_background_color":"","ocean_post_title_background":0,"ocean_post_title_bg_image_position":"","ocean_post_title_bg_image_attachment":"","ocean_post_title_bg_image_repeat":"","ocean_post_title_bg_image_size":"","ocean_post_title_height":0,"ocean_post_title_bg_overlay":0.5,"ocean_post_title_bg_overlay_color":"","ocean_disable_breadcrumbs":"default","ocean_breadcrumbs_color":"","ocean_breadcrumbs_separator_color":"","ocean_breadcrumbs_links_color":"","ocean_breadcrumbs_links_hover_color":"","ocean_display_footer_widgets":"default","ocean_display_footer_bottom":"default","ocean_custom_footer_template":"","ocean_post_oembed":"","ocean_post_self_hosted_media":"","ocean_post_video_embed":"","ocean_link_format":"","ocean_link_format_target":"self","ocean_quote_format":"","ocean_quote_format_link":"post","ocean_gallery_link_images":"on","ocean_gallery_id":[],"footnotes":""},"categories":[1],"tags":[],"class_list":["post-25476","post","type-post","status-publish","format-standard","hentry","category-sem-categoria","entry"],"_links":{"self":[{"href":"https:\/\/sindcon-rj.com.br\/wp\/wp-json\/wp\/v2\/posts\/25476","targetHints":{"allow":["GET"]}}],"collection":[{"href":"https:\/\/sindcon-rj.com.br\/wp\/wp-json\/wp\/v2\/posts"}],"about":[{"href":"https:\/\/sindcon-rj.com.br\/wp\/wp-json\/wp\/v2\/types\/post"}],"author":[{"embeddable":true,"href":"https:\/\/sindcon-rj.com.br\/wp\/wp-json\/wp\/v2\/users\/1"}],"replies":[{"embeddable":true,"href":"https:\/\/sindcon-rj.com.br\/wp\/wp-json\/wp\/v2\/comments?post=25476"}],"version-history":[{"count":4,"href":"https:\/\/sindcon-rj.com.br\/wp\/wp-json\/wp\/v2\/posts\/25476\/revisions"}],"predecessor-version":[{"id":25481,"href":"https:\/\/sindcon-rj.com.br\/wp\/wp-json\/wp\/v2\/posts\/25476\/revisions\/25481"}],"wp:attachment":[{"href":"https:\/\/sindcon-rj.com.br\/wp\/wp-json\/wp\/v2\/media?parent=25476"}],"wp:term":[{"taxonomy":"category","embeddable":true,"href":"https:\/\/sindcon-rj.com.br\/wp\/wp-json\/wp\/v2\/categories?post=25476"},{"taxonomy":"post_tag","embeddable":true,"href":"https:\/\/sindcon-rj.com.br\/wp\/wp-json\/wp\/v2\/tags?post=25476"}],"curies":[{"name":"wp","href":"https:\/\/api.w.org\/{rel}","templated":true}]}}