{"id":25139,"date":"2024-03-15T16:19:22","date_gmt":"2024-03-15T19:19:22","guid":{"rendered":"https:\/\/sindcon-rj.com.br\/wp\/?p=25139"},"modified":"2024-03-15T16:20:36","modified_gmt":"2024-03-15T19:20:36","slug":"brasil-cria-180-mil-vagas-de-emprego-em-janeiro-acima-do-esperado","status":"publish","type":"post","link":"https:\/\/sindcon-rj.com.br\/wp\/brasil-cria-180-mil-vagas-de-emprego-em-janeiro-acima-do-esperado\/","title":{"rendered":"Brasil cria 180 mil vagas de emprego em janeiro, acima do esperado"},"content":{"rendered":"\t\t<div data-elementor-type=\"wp-post\" data-elementor-id=\"25139\" class=\"elementor elementor-25139\">\n\t\t\t\t\t\t<section class=\"elementor-section elementor-top-section elementor-element elementor-element-2fb66a85 elementor-section-boxed elementor-section-height-default elementor-section-height-default\" data-id=\"2fb66a85\" data-element_type=\"section\">\n\t\t\t\t\t\t<div class=\"elementor-container elementor-column-gap-default\">\n\t\t\t\t\t<div class=\"elementor-column elementor-col-100 elementor-top-column elementor-element elementor-element-46bd9c60\" data-id=\"46bd9c60\" data-element_type=\"column\">\n\t\t\t<div class=\"elementor-widget-wrap elementor-element-populated\">\n\t\t\t\t\t\t<div class=\"elementor-element elementor-element-2aedcdc2 elementor-widget elementor-widget-text-editor\" data-id=\"2aedcdc2\" data-element_type=\"widget\" data-widget_type=\"text-editor.default\">\n\t\t\t\t<div class=\"elementor-widget-container\">\n\t\t\t\t\t\t\t\t\t\n<h2 class=\"wp-block-heading\">Pesquisa da Reuters previa cria\u00e7\u00e3o de 90 mil vagas, cerca de metade do contabilizado<\/h2>\n\n\n<div class=\"wp-block-image\">\n<figure class=\"aligncenter size-full\"><img fetchpriority=\"high\" decoding=\"async\" width=\"1024\" height=\"683\" src=\"https:\/\/sindcon-rj.com.br\/wp\/wp-content\/uploads\/2024\/03\/169089728964c90b896074d_1690897289_3x2_lg.jpg\" alt=\"\" class=\"wp-image-25140\" srcset=\"https:\/\/sindcon-rj.com.br\/wp\/wp-content\/uploads\/2024\/03\/169089728964c90b896074d_1690897289_3x2_lg.jpg 1024w, https:\/\/sindcon-rj.com.br\/wp\/wp-content\/uploads\/2024\/03\/169089728964c90b896074d_1690897289_3x2_lg-300x200.jpg 300w, https:\/\/sindcon-rj.com.br\/wp\/wp-content\/uploads\/2024\/03\/169089728964c90b896074d_1690897289_3x2_lg-768x512.jpg 768w\" sizes=\"(max-width: 1024px) 100vw, 1024px\" \/><\/figure>\n<\/div>\n\n\n<p>Pesquisa da Reuters previa cria\u00e7\u00e3o de 90 mil vagas, cerca de metade do contabilizado<\/p>\n\n\n\n<p>O Brasil abriu 180.395 vagas formais de trabalho em janeiro, de acordo com o Cadastro Geral de Empregados e Desempregados (Caged), divulgado nesta sexta-feira pelo Minist\u00e9rio do Trabalho e Emprego.<\/p>\n\n\n\n<p>O resultado do m\u00eas passado ficou bem acima da expectativa em pesquisa da Reuters de cria\u00e7\u00e3o l\u00edquida de 90.000 empregos, e representou alta frente ao saldo positivo de 90.031 de m\u00eas equivalente de 2023.<\/p>\n\n\n\n<p>O pa\u00eds registrou 2,068 milh\u00f5es de admiss\u00f5es e 1,887 milh\u00e3o de desligamentos no mercado de trabalho formal.<\/p>\n\n\n\n<p>Em janeiro, houve saldo positivo de vagas em quatro dos cinco grandes grupamentos de atividades econ\u00f4micas, com destaque para a cria\u00e7\u00e3o de 80.587 postos no setor de servi\u00e7os e 67.029 na ind\u00fastria. Ainda houve cria\u00e7\u00e3o de 49.091 postos na constru\u00e7\u00e3o e 21.900 na agropecu\u00e1ria.<\/p>\n\n\n\n<p>Por outro lado, houve saldo negativo de 38.212 empregos formais no com\u00e9rcio.<\/p>\n\n\n\n<p>Vinte e cinco das 27 unidades federativas registraram saldos positivos em janeiro, com S\u00e3o Paulo na lideran\u00e7a com 38.499 postos criados. Na ponta oposta, Maranh\u00e3o teve o menor saldo, com fechamento de 831 vagas de trabalho formais.<\/p>\n\n\n\n<p>No m\u00eas passado, o sal\u00e1rio m\u00e9dio real de admiss\u00e3o subiu para 2.118,32 reais, uma alta real de 3,38% em rela\u00e7\u00e3o ao m\u00eas anterior.<\/p>\n\n\n\n<p><em>Fonte: Jornal Folha de S.Paulo<\/em><\/p>\n\t\t\t\t\t\t\t\t<\/div>\n\t\t\t\t<\/div>\n\t\t\t\t\t<\/div>\n\t\t<\/div>\n\t\t\t\t\t<\/div>\n\t\t<\/section>\n\t\t\t\t<\/div>\n\t\t","protected":false},"excerpt":{"rendered":"<p>Pesquisa da Reuters previa cria\u00e7\u00e3o de 90 mil vagas, cerca de metade do contabilizado Pesquisa da Reuters previa cria\u00e7\u00e3o de 90 mil vagas, cerca de metade do contabilizado O Brasil abriu 180.395 vagas formais de trabalho em janeiro, de acordo com o Cadastro Geral de Empregados e Desempregados (Caged), divulgado nesta sexta-feira pelo Minist\u00e9rio do [&hellip;]<\/p>\n","protected":false},"author":1,"featured_media":0,"comment_status":"closed","ping_status":"closed","sticky":false,"template":"","format":"standard","meta":{"ocean_post_layout":"","ocean_both_sidebars_style":"","ocean_both_sidebars_content_width":0,"ocean_both_sidebars_sidebars_width":0,"ocean_sidebar":"","ocean_second_sidebar":"","ocean_disable_margins":"enable","ocean_add_body_class":"","ocean_shortcode_before_top_bar":"","ocean_shortcode_after_top_bar":"","ocean_shortcode_before_header":"","ocean_shortcode_after_header":"","ocean_has_shortcode":"","ocean_shortcode_after_title":"","ocean_shortcode_before_footer_widgets":"","ocean_shortcode_after_footer_widgets":"","ocean_shortcode_before_footer_bottom":"","ocean_shortcode_after_footer_bottom":"","ocean_display_top_bar":"default","ocean_display_header":"default","ocean_header_style":"","ocean_center_header_left_menu":"","ocean_custom_header_template":"","ocean_custom_logo":0,"ocean_custom_retina_logo":0,"ocean_custom_logo_max_width":0,"ocean_custom_logo_tablet_max_width":0,"ocean_custom_logo_mobile_max_width":0,"ocean_custom_logo_max_height":0,"ocean_custom_logo_tablet_max_height":0,"ocean_custom_logo_mobile_max_height":0,"ocean_header_custom_menu":"","ocean_menu_typo_font_family":"","ocean_menu_typo_font_subset":"","ocean_menu_typo_font_size":0,"ocean_menu_typo_font_size_tablet":0,"ocean_menu_typo_font_size_mobile":0,"ocean_menu_typo_font_size_unit":"px","ocean_menu_typo_font_weight":"","ocean_menu_typo_font_weight_tablet":"","ocean_menu_typo_font_weight_mobile":"","ocean_menu_typo_transform":"","ocean_menu_typo_transform_tablet":"","ocean_menu_typo_transform_mobile":"","ocean_menu_typo_line_height":0,"ocean_menu_typo_line_height_tablet":0,"ocean_menu_typo_line_height_mobile":0,"ocean_menu_typo_line_height_unit":"","ocean_menu_typo_spacing":0,"ocean_menu_typo_spacing_tablet":0,"ocean_menu_typo_spacing_mobile":0,"ocean_menu_typo_spacing_unit":"","ocean_menu_link_color":"","ocean_menu_link_color_hover":"","ocean_menu_link_color_active":"","ocean_menu_link_background":"","ocean_menu_link_hover_background":"","ocean_menu_link_active_background":"","ocean_menu_social_links_bg":"","ocean_menu_social_hover_links_bg":"","ocean_menu_social_links_color":"","ocean_menu_social_hover_links_color":"","ocean_disable_title":"default","ocean_disable_heading":"default","ocean_post_title":"","ocean_post_subheading":"","ocean_post_title_style":"","ocean_post_title_background_color":"","ocean_post_title_background":0,"ocean_post_title_bg_image_position":"","ocean_post_title_bg_image_attachment":"","ocean_post_title_bg_image_repeat":"","ocean_post_title_bg_image_size":"","ocean_post_title_height":0,"ocean_post_title_bg_overlay":0.5,"ocean_post_title_bg_overlay_color":"","ocean_disable_breadcrumbs":"default","ocean_breadcrumbs_color":"","ocean_breadcrumbs_separator_color":"","ocean_breadcrumbs_links_color":"","ocean_breadcrumbs_links_hover_color":"","ocean_display_footer_widgets":"default","ocean_display_footer_bottom":"default","ocean_custom_footer_template":"","ocean_post_oembed":"","ocean_post_self_hosted_media":"","ocean_post_video_embed":"","ocean_link_format":"","ocean_link_format_target":"self","ocean_quote_format":"","ocean_quote_format_link":"post","ocean_gallery_link_images":"on","ocean_gallery_id":[],"footnotes":""},"categories":[1],"tags":[],"class_list":["post-25139","post","type-post","status-publish","format-standard","hentry","category-sem-categoria","entry"],"_links":{"self":[{"href":"https:\/\/sindcon-rj.com.br\/wp\/wp-json\/wp\/v2\/posts\/25139","targetHints":{"allow":["GET"]}}],"collection":[{"href":"https:\/\/sindcon-rj.com.br\/wp\/wp-json\/wp\/v2\/posts"}],"about":[{"href":"https:\/\/sindcon-rj.com.br\/wp\/wp-json\/wp\/v2\/types\/post"}],"author":[{"embeddable":true,"href":"https:\/\/sindcon-rj.com.br\/wp\/wp-json\/wp\/v2\/users\/1"}],"replies":[{"embeddable":true,"href":"https:\/\/sindcon-rj.com.br\/wp\/wp-json\/wp\/v2\/comments?post=25139"}],"version-history":[{"count":4,"href":"https:\/\/sindcon-rj.com.br\/wp\/wp-json\/wp\/v2\/posts\/25139\/revisions"}],"predecessor-version":[{"id":25144,"href":"https:\/\/sindcon-rj.com.br\/wp\/wp-json\/wp\/v2\/posts\/25139\/revisions\/25144"}],"wp:attachment":[{"href":"https:\/\/sindcon-rj.com.br\/wp\/wp-json\/wp\/v2\/media?parent=25139"}],"wp:term":[{"taxonomy":"category","embeddable":true,"href":"https:\/\/sindcon-rj.com.br\/wp\/wp-json\/wp\/v2\/categories?post=25139"},{"taxonomy":"post_tag","embeddable":true,"href":"https:\/\/sindcon-rj.com.br\/wp\/wp-json\/wp\/v2\/tags?post=25139"}],"curies":[{"name":"wp","href":"https:\/\/api.w.org\/{rel}","templated":true}]}}