{"id":24646,"date":"2023-11-13T14:05:07","date_gmt":"2023-11-13T17:05:07","guid":{"rendered":"https:\/\/sindcon-rj.com.br\/wp\/?p=24646"},"modified":"2023-11-13T14:08:28","modified_gmt":"2023-11-13T17:08:28","slug":"quando-o-trabalhador-vai-receber-as-duas-parcelas-do-13-em-2023","status":"publish","type":"post","link":"https:\/\/sindcon-rj.com.br\/wp\/quando-o-trabalhador-vai-receber-as-duas-parcelas-do-13-em-2023\/","title":{"rendered":"Quando o trabalhador vai receber as duas parcelas do 13\u00b0 em 2023?"},"content":{"rendered":"\t\t<div data-elementor-type=\"wp-post\" data-elementor-id=\"24646\" class=\"elementor elementor-24646\">\n\t\t\t\t\t\t<section class=\"elementor-section elementor-top-section elementor-element elementor-element-328bbed3 elementor-section-boxed elementor-section-height-default elementor-section-height-default\" data-id=\"328bbed3\" data-element_type=\"section\">\n\t\t\t\t\t\t<div class=\"elementor-container elementor-column-gap-default\">\n\t\t\t\t\t<div class=\"elementor-column elementor-col-100 elementor-top-column elementor-element elementor-element-79a23817\" data-id=\"79a23817\" data-element_type=\"column\">\n\t\t\t<div class=\"elementor-widget-wrap elementor-element-populated\">\n\t\t\t\t\t\t<div class=\"elementor-element elementor-element-1e55d206 elementor-widget elementor-widget-text-editor\" data-id=\"1e55d206\" data-element_type=\"widget\" data-widget_type=\"text-editor.default\">\n\t\t\t\t<div class=\"elementor-widget-container\">\n\t\t\t\t\t\t\t\t\t\n<figure class=\"wp-block-image size-full\"><img fetchpriority=\"high\" decoding=\"async\" width=\"549\" height=\"272\" src=\"https:\/\/sindcon-rj.com.br\/wp\/wp-content\/uploads\/2023\/11\/13.png\" alt=\"\" class=\"wp-image-24647\" srcset=\"https:\/\/sindcon-rj.com.br\/wp\/wp-content\/uploads\/2023\/11\/13.png 549w, https:\/\/sindcon-rj.com.br\/wp\/wp-content\/uploads\/2023\/11\/13-300x149.png 300w\" sizes=\"(max-width: 549px) 100vw, 549px\" \/><\/figure>\n\t\t\t\t\t\t\t\t<\/div>\n\t\t\t\t<\/div>\n\t\t\t\t\t<\/div>\n\t\t<\/div>\n\t\t\t\t\t<\/div>\n\t\t<\/section>\n\t\t\t\t<section class=\"elementor-section elementor-top-section elementor-element elementor-element-0356f3c elementor-section-boxed elementor-section-height-default elementor-section-height-default\" data-id=\"0356f3c\" data-element_type=\"section\">\n\t\t\t\t\t\t<div class=\"elementor-container elementor-column-gap-default\">\n\t\t\t\t\t<div class=\"elementor-column elementor-col-100 elementor-top-column elementor-element elementor-element-0db9be5\" data-id=\"0db9be5\" data-element_type=\"column\">\n\t\t\t<div class=\"elementor-widget-wrap elementor-element-populated\">\n\t\t\t\t\t\t<div class=\"elementor-element elementor-element-7576175 elementor-widget elementor-widget-text-editor\" data-id=\"7576175\" data-element_type=\"widget\" data-widget_type=\"text-editor.default\">\n\t\t\t\t<div class=\"elementor-widget-container\">\n\t\t\t\t\t\t\t\t\t<p>Presente na vida dos trabalhadores desde 1962,\u00a0o 13\u00b0 sal\u00e1rio\u00a0auxilia os trabalhadores com dinheiro extra em todos os finais de ano.\u00a0\u00a0<\/p>\n<p data-fetch=\"true\">O 13\u00b0 sal\u00e1rio \u00e9 uma gratifica\u00e7\u00e3o de fim de ano institu\u00edda no Brasil. Esse b\u00f4nus garante que o trabalhador receba, na data estipulada pela empresa, o valor, que pode ser reconhecido como um incentivo.<\/p>\n<p>Este dinheiro pode ter como fim o uso para viagens de final de ano, para comprar presentes de Natal e para garantir a ceia de ano novo. Todavia tamb\u00e9m \u00e9 essencial para o pagamento das contas que chegam ou para saldar alguma d\u00edvida.<\/p>\n<p>Pelo fato de muitos trabalhadores ficarem na d\u00favida sobre quando o pagamento deve ocorrer, confira a seguir quando deve haver o pagamento desse abono natalino em 2023.<\/p>\n<h2 id=\"h-quando-o-decimo-terceiro-salario-sera-pago-em-2023\" class=\"wp-block-heading\">Quando o d\u00e9cimo terceiro sal\u00e1rio ser\u00e1 pago em 2023?<\/h2>\n<p data-fetch=\"true\">A decis\u00e3o de pagar o 13\u00ba sal\u00e1rio em uma ou duas parcelas fica a crit\u00e9rio do empregador, determinando assim as datas de pagamento.<\/p>\n<div id=\"P_JORNAL_CONTABIL_INTEXT_02_0\" data-premium=\"\" data-adunit=\"JORNAL_CONTABIL_INTEXT_02\" data-sizes-mobile=\"[[336,280],[300,250]]\" data-sizes-desktop=\"[[336,280],[300,250]]\" data-type=\"intext\" data-count=\"2\" data-fetch=\"true\" data-google-query-id=\"CLHoxrC6wYIDFdGGlQIdqGoowg\">\n<p>Seguindo a legisla\u00e7\u00e3o vigente, a primeira parcela, equivalente a 50% do valor total, deve ser entregue ao funcion\u00e1rio entre 1\u00ba de fevereiro e 30 de novembro.<\/p>\n<p>A segunda parcela, por sua vez, deve ser quitada at\u00e9 o dia 20 de dezembro. No entanto, essa programa\u00e7\u00e3o \u00e9 ajustada quando as datas-limite coincidem com fins de semana.<\/p>\n<p>Quando isso ocorre, o empregador precisa efetuar o pagamento at\u00e9 o \u00faltimo dia \u00fatil anterior \u00e0 data prevista, a fim de evitar multas por atraso.<\/p>\n<p>No ano de 2023, as datas do 13\u00ba sal\u00e1rio caem em dias \u00fateis, pois o dia 30 de novembro ser\u00e1 uma quinta-feira e o dia 20 de dezembro cair\u00e1 em uma quarta-feira.<\/p>\n<p data-fetch=\"true\">Quanto aos aposentados e pensionistas do INSS que recebem o 13\u00ba sal\u00e1rio, o pagamento j\u00e1 ocorreu nos meses de maio e junho. Mias uma vez houve antecipa\u00e7\u00e3o para essas categorias.<\/p>\n<h2 id=\"h-quem-tem-direito-ao-13-salario\" class=\"wp-block-heading\">Quem tem direito ao 13\u00b0 sal\u00e1rio?<\/h2>\n<p>Segundo a lei, as\u00a0pessoas que podem receber o 13\u00ba\u00a0s\u00e3o:<\/p>\n<ul>\n<li>aposentados e pensionistas do INSS;<\/li>\n<li>trabalhadores de carteira assinada;<\/li>\n<li>jovem aprendiz;<\/li>\n<li>funcion\u00e1rias afastadas por licen\u00e7a maternidade;<\/li>\n<li>trabalhadores demitidos sem justa causa;\u00a0<\/li>\n<li>indiv\u00edduos que recebem aux\u00edlio-doen\u00e7a, aux\u00edlio-acidente ou aux\u00edlio-reclus\u00e3o.<\/li>\n<\/ul>\n<p data-fetch=\"true\">O c\u00e1lculo do 13\u00b0 \u00e9 proporcional ao n\u00famero de meses trabalhados durante o ano. Dito isso, para contar como um m\u00eas trabalhado, \u00e9 preciso ter atuado por, no m\u00ednimo, 15 dias.<\/p>\n<h2 id=\"h-o-que-diz-a-clt-sobre-o-13-salario\" class=\"wp-block-heading\">O que diz a CLT sobre o 13\u00b0 sal\u00e1rio?<\/h2>\n<p>A regulamenta\u00e7\u00e3o do d\u00e9cimo terceiro ficou por conta do Decreto 57.155\/1965, que traz a seguinte reda\u00e7\u00e3o:\u00a0<\/p>\n<p>\u00a0<em>Art. 1\u00ba O pagamento da gratifica\u00e7\u00e3o salarial, institu\u00edda pela Lei n\u00ba 4.090, de 13 de julho de 1962, com as altera\u00e7\u00f5es constantes da Lei n\u00ba 4.749, de 12 de agosto de 1965, ser\u00e1 efetuado pelo empregador at\u00e9 o dia 20 de dezembro de cada ano, tomando-se por base a remunera\u00e7\u00e3o devida nesse m\u00eas de ac\u00f4rdo com o tempo de servi\u00e7o do empregado no ano em curso.<\/em><\/p>\n<p data-fetch=\"true\"><em>Par\u00e1grafo \u00fanico. A gratifica\u00e7\u00e3o corresponder\u00e1 a 1\/12 (um doze avos) da remunera\u00e7\u00e3o devida em dezembro, por m\u00eas de servi\u00e7o, do ano correspondente, sendo que a fra\u00e7\u00e3o igual ou superior a 15 (quinze) dias de trabalho ser\u00e1 havida como m\u00eas integral.<\/em><\/p>\n<p>O pagamento desse benef\u00edcio tamb\u00e9m est\u00e1 previsto no artigo 7 da Constitui\u00e7\u00e3o Federal de 1988, em seu inciso VII, reiterando a obrigatoriedade desse pagamento.\u00a0<\/p>\n<p><em>Art. 7\u00ba S\u00e3o direitos dos trabalhadores urbanos e rurais, al\u00e9m de outros que visem \u00e0 melhoria de sua condi\u00e7\u00e3o social:<\/em><\/p>\n<p><em>VIII \u2013 d\u00e9cimo terceiro sal\u00e1rio com base na remunera\u00e7\u00e3o integral ou no valor da aposentadoria<\/em>.<\/p>\n<p><em>Fonte: Jornal Cont\u00e1bil<\/em><\/p>\n<\/div>\n<div data-premium=\"\" data-adunit=\"JORNAL_CONTABIL_INTEXT_02\" data-sizes-mobile=\"[[336,280],[300,250]]\" data-sizes-desktop=\"[[336,280],[300,250]]\" data-type=\"intext\" data-count=\"2\" data-fetch=\"true\" data-google-query-id=\"CLHoxrC6wYIDFdGGlQIdqGoowg\">\u00a0<\/div>\t\t\t\t\t\t\t\t<\/div>\n\t\t\t\t<\/div>\n\t\t\t\t\t<\/div>\n\t\t<\/div>\n\t\t\t\t\t<\/div>\n\t\t<\/section>\n\t\t\t\t<\/div>\n\t\t","protected":false},"excerpt":{"rendered":"<p>Presente na vida dos trabalhadores desde 1962,\u00a0o 13\u00b0 sal\u00e1rio\u00a0auxilia os trabalhadores com dinheiro extra em todos os finais de ano.\u00a0\u00a0 O 13\u00b0 sal\u00e1rio \u00e9 uma gratifica\u00e7\u00e3o de fim de ano institu\u00edda no Brasil. Esse b\u00f4nus garante que o trabalhador receba, na data estipulada pela empresa, o valor, que pode ser reconhecido como um incentivo. Este [&hellip;]<\/p>\n","protected":false},"author":1,"featured_media":0,"comment_status":"closed","ping_status":"closed","sticky":false,"template":"","format":"standard","meta":{"ocean_post_layout":"","ocean_both_sidebars_style":"","ocean_both_sidebars_content_width":0,"ocean_both_sidebars_sidebars_width":0,"ocean_sidebar":"","ocean_second_sidebar":"","ocean_disable_margins":"enable","ocean_add_body_class":"","ocean_shortcode_before_top_bar":"","ocean_shortcode_after_top_bar":"","ocean_shortcode_before_header":"","ocean_shortcode_after_header":"","ocean_has_shortcode":"","ocean_shortcode_after_title":"","ocean_shortcode_before_footer_widgets":"","ocean_shortcode_after_footer_widgets":"","ocean_shortcode_before_footer_bottom":"","ocean_shortcode_after_footer_bottom":"","ocean_display_top_bar":"default","ocean_display_header":"default","ocean_header_style":"","ocean_center_header_left_menu":"","ocean_custom_header_template":"","ocean_custom_logo":0,"ocean_custom_retina_logo":0,"ocean_custom_logo_max_width":0,"ocean_custom_logo_tablet_max_width":0,"ocean_custom_logo_mobile_max_width":0,"ocean_custom_logo_max_height":0,"ocean_custom_logo_tablet_max_height":0,"ocean_custom_logo_mobile_max_height":0,"ocean_header_custom_menu":"","ocean_menu_typo_font_family":"","ocean_menu_typo_font_subset":"","ocean_menu_typo_font_size":0,"ocean_menu_typo_font_size_tablet":0,"ocean_menu_typo_font_size_mobile":0,"ocean_menu_typo_font_size_unit":"px","ocean_menu_typo_font_weight":"","ocean_menu_typo_font_weight_tablet":"","ocean_menu_typo_font_weight_mobile":"","ocean_menu_typo_transform":"","ocean_menu_typo_transform_tablet":"","ocean_menu_typo_transform_mobile":"","ocean_menu_typo_line_height":0,"ocean_menu_typo_line_height_tablet":0,"ocean_menu_typo_line_height_mobile":0,"ocean_menu_typo_line_height_unit":"","ocean_menu_typo_spacing":0,"ocean_menu_typo_spacing_tablet":0,"ocean_menu_typo_spacing_mobile":0,"ocean_menu_typo_spacing_unit":"","ocean_menu_link_color":"","ocean_menu_link_color_hover":"","ocean_menu_link_color_active":"","ocean_menu_link_background":"","ocean_menu_link_hover_background":"","ocean_menu_link_active_background":"","ocean_menu_social_links_bg":"","ocean_menu_social_hover_links_bg":"","ocean_menu_social_links_color":"","ocean_menu_social_hover_links_color":"","ocean_disable_title":"default","ocean_disable_heading":"default","ocean_post_title":"","ocean_post_subheading":"","ocean_post_title_style":"","ocean_post_title_background_color":"","ocean_post_title_background":0,"ocean_post_title_bg_image_position":"","ocean_post_title_bg_image_attachment":"","ocean_post_title_bg_image_repeat":"","ocean_post_title_bg_image_size":"","ocean_post_title_height":0,"ocean_post_title_bg_overlay":0.5,"ocean_post_title_bg_overlay_color":"","ocean_disable_breadcrumbs":"default","ocean_breadcrumbs_color":"","ocean_breadcrumbs_separator_color":"","ocean_breadcrumbs_links_color":"","ocean_breadcrumbs_links_hover_color":"","ocean_display_footer_widgets":"default","ocean_display_footer_bottom":"default","ocean_custom_footer_template":"","ocean_post_oembed":"","ocean_post_self_hosted_media":"","ocean_post_video_embed":"","ocean_link_format":"","ocean_link_format_target":"self","ocean_quote_format":"","ocean_quote_format_link":"post","ocean_gallery_link_images":"on","ocean_gallery_id":[],"footnotes":""},"categories":[1],"tags":[],"class_list":["post-24646","post","type-post","status-publish","format-standard","hentry","category-sem-categoria","entry"],"_links":{"self":[{"href":"https:\/\/sindcon-rj.com.br\/wp\/wp-json\/wp\/v2\/posts\/24646","targetHints":{"allow":["GET"]}}],"collection":[{"href":"https:\/\/sindcon-rj.com.br\/wp\/wp-json\/wp\/v2\/posts"}],"about":[{"href":"https:\/\/sindcon-rj.com.br\/wp\/wp-json\/wp\/v2\/types\/post"}],"author":[{"embeddable":true,"href":"https:\/\/sindcon-rj.com.br\/wp\/wp-json\/wp\/v2\/users\/1"}],"replies":[{"embeddable":true,"href":"https:\/\/sindcon-rj.com.br\/wp\/wp-json\/wp\/v2\/comments?post=24646"}],"version-history":[{"count":4,"href":"https:\/\/sindcon-rj.com.br\/wp\/wp-json\/wp\/v2\/posts\/24646\/revisions"}],"predecessor-version":[{"id":24651,"href":"https:\/\/sindcon-rj.com.br\/wp\/wp-json\/wp\/v2\/posts\/24646\/revisions\/24651"}],"wp:attachment":[{"href":"https:\/\/sindcon-rj.com.br\/wp\/wp-json\/wp\/v2\/media?parent=24646"}],"wp:term":[{"taxonomy":"category","embeddable":true,"href":"https:\/\/sindcon-rj.com.br\/wp\/wp-json\/wp\/v2\/categories?post=24646"},{"taxonomy":"post_tag","embeddable":true,"href":"https:\/\/sindcon-rj.com.br\/wp\/wp-json\/wp\/v2\/tags?post=24646"}],"curies":[{"name":"wp","href":"https:\/\/api.w.org\/{rel}","templated":true}]}}