{"id":24494,"date":"2023-09-26T13:43:23","date_gmt":"2023-09-26T16:43:23","guid":{"rendered":"https:\/\/sindcon-rj.com.br\/wp\/?p=24494"},"modified":"2023-09-26T13:46:12","modified_gmt":"2023-09-26T16:46:12","slug":"autorizado-ministerio-da-saude-abre-concurso-para-contratacao-temporaria","status":"publish","type":"post","link":"https:\/\/sindcon-rj.com.br\/wp\/autorizado-ministerio-da-saude-abre-concurso-para-contratacao-temporaria\/","title":{"rendered":"Autorizado! Minist\u00e9rio Da Sa\u00fade Abre Concurso Para Contrata\u00e7\u00e3o Tempor\u00e1ria"},"content":{"rendered":"\t\t<div data-elementor-type=\"wp-post\" data-elementor-id=\"24494\" class=\"elementor elementor-24494\">\n\t\t\t\t\t\t<section class=\"elementor-section elementor-top-section elementor-element elementor-element-266fa4b5 elementor-section-boxed elementor-section-height-default elementor-section-height-default\" data-id=\"266fa4b5\" data-element_type=\"section\">\n\t\t\t\t\t\t<div class=\"elementor-container elementor-column-gap-default\">\n\t\t\t\t\t<div class=\"elementor-column elementor-col-100 elementor-top-column elementor-element elementor-element-22a7f6f0\" data-id=\"22a7f6f0\" data-element_type=\"column\">\n\t\t\t<div class=\"elementor-widget-wrap elementor-element-populated\">\n\t\t\t\t\t\t<div class=\"elementor-element elementor-element-188baca6 elementor-widget elementor-widget-text-editor\" data-id=\"188baca6\" data-element_type=\"widget\" data-widget_type=\"text-editor.default\">\n\t\t\t\t<div class=\"elementor-widget-container\">\n\t\t\t\t\t\t\t\t\t\n<figure class=\"wp-block-image size-full\"><img fetchpriority=\"high\" decoding=\"async\" width=\"547\" height=\"274\" src=\"https:\/\/sindcon-rj.com.br\/wp\/wp-content\/uploads\/2023\/09\/Concursop-Ministerio-da-Saude.png\" alt=\"\" class=\"wp-image-24495\" srcset=\"https:\/\/sindcon-rj.com.br\/wp\/wp-content\/uploads\/2023\/09\/Concursop-Ministerio-da-Saude.png 547w, https:\/\/sindcon-rj.com.br\/wp\/wp-content\/uploads\/2023\/09\/Concursop-Ministerio-da-Saude-300x150.png 300w\" sizes=\"(max-width: 547px) 100vw, 547px\" \/><\/figure>\n\t\t\t\t\t\t\t\t<\/div>\n\t\t\t\t<\/div>\n\t\t\t\t\t<\/div>\n\t\t<\/div>\n\t\t\t\t\t<\/div>\n\t\t<\/section>\n\t\t\t\t<section class=\"elementor-section elementor-top-section elementor-element elementor-element-acc0c68 elementor-section-boxed elementor-section-height-default elementor-section-height-default\" data-id=\"acc0c68\" data-element_type=\"section\">\n\t\t\t\t\t\t<div class=\"elementor-container elementor-column-gap-default\">\n\t\t\t\t\t<div class=\"elementor-column elementor-col-100 elementor-top-column elementor-element elementor-element-4a64940\" data-id=\"4a64940\" data-element_type=\"column\">\n\t\t\t<div class=\"elementor-widget-wrap elementor-element-populated\">\n\t\t\t\t\t\t<div class=\"elementor-element elementor-element-3e10cd2 elementor-widget elementor-widget-text-editor\" data-id=\"3e10cd2\" data-element_type=\"widget\" data-widget_type=\"text-editor.default\">\n\t\t\t\t<div class=\"elementor-widget-container\">\n\t\t\t\t\t\t\t\t\t<p>O Minist\u00e9rio da Sa\u00fade recebeu autoriza\u00e7\u00e3o do Minist\u00e9rio da Gest\u00e3o e Inova\u00e7\u00e3o em Servi\u00e7os P\u00fablicos para conduzir um concurso p\u00fablico que oferecer\u00e1 300 vagas tempor\u00e1rias.<br \/><span style=\"font-size: 15px;\">A medida foi divulgada na edi\u00e7\u00e3o de segunda-feira (25) do Di\u00e1rio Oficial da Uni\u00e3o.<\/span><\/p>\n<h2 id=\"h-vagas\" class=\"wp-block-heading\">Vagas<\/h2>\n<p>Ser\u00e3o admitidos um total de 28 t\u00e9cnicos administrativos, 12 analistas especializados em dados e controle de qualidade, 218 analistas com conhecimentos em requisitos processuais, normativos, econ\u00f4micos e financeiros, oito t\u00e9cnicos especializados em edifica\u00e7\u00f5es, 18 analistas t\u00e9cnicos especializados em equipamentos e 16 gestores.<\/p>\n<p data-fetch=\"true\">Esses profissionais poder\u00e3o desempenhar suas fun\u00e7\u00f5es por at\u00e9 quatro anos, com a possibilidade de prorroga\u00e7\u00e3o por mais um ano, conforme estabelecido pela lei que rege a contrata\u00e7\u00e3o tempor\u00e1ria para atender a necessidades excepcionais de interesse p\u00fablico.<\/p>\n<p>De acordo com o an\u00fancio, esses profissionais ser\u00e3o alocados no Minist\u00e9rio da Sa\u00fade, especificamente na \u00e1rea de presta\u00e7\u00e3o de contas, habilita\u00e7\u00e3o e devolu\u00e7\u00e3o de recursos, com a responsabilidade de lidar com processos como a Tomada de Contas Especial (TCE), que investiga poss\u00edveis irregularidades na administra\u00e7\u00e3o p\u00fablica, bem como processos de ressarcimento ao er\u00e1rio.<\/p>\n<p>Um desses processos inclui uma decis\u00e3o do Tribunal de Contas da Uni\u00e3o, que ordenou em 2021 a revis\u00e3o das presta\u00e7\u00f5es de contas do Minist\u00e9rio durante o per\u00edodo de 1\u00ba de janeiro de 2017 a 30 de junho de 2021.<\/p>\n<h2 id=\"h-edital-e-mais-informacoes\" class=\"wp-block-heading\">Edital e mais informa\u00e7\u00f5es<\/h2>\n<p data-fetch=\"true\">Conforme a portaria autorizativa, o edital do processo seletivo dever\u00e1 ser publicado em at\u00e9 seis meses, o que significa que a previs\u00e3o \u00e9 para mar\u00e7o de 2024.<\/p>\n<p>At\u00e9 o momento, n\u00e3o foram fornecidas informa\u00e7\u00f5es sobre o formato do processo seletivo, como a realiza\u00e7\u00e3o de provas ou a avalia\u00e7\u00e3o baseada apenas em an\u00e1lise de t\u00edtulos e experi\u00eancias profissionais.<\/p>\n<p>Os detalhes espec\u00edficos sobre o m\u00e9todo de sele\u00e7\u00e3o, os requisitos e os crit\u00e9rios ser\u00e3o divulgados no edital, que os candidatos dever\u00e3o aguardar para obter informa\u00e7\u00f5es completas sobre o processo de inscri\u00e7\u00e3o e avalia\u00e7\u00e3o.<\/p>\n<p>Portanto, \u00e9 importante ficar atento \u00e0s atualiza\u00e7\u00f5es e an\u00fancios oficiais do Minist\u00e9rio da Sa\u00fade relacionados a este concurso p\u00fablico.<\/p>\n<h2 id=\"h-concurso-para-efetivos-esta-autorizado\" class=\"wp-block-heading\">Concurso para efetivos est\u00e1 autorizado?<\/h2>\n<p data-fetch=\"true\">Em junho, o Minist\u00e9rio da Sa\u00fade recebeu autoriza\u00e7\u00e3o para realizar um novo concurso p\u00fablico que oferecer\u00e1 220 vagas efetivas para o cargo de tecnologista, que requer n\u00edvel superior de escolaridade.<\/p>\n<p>O Minist\u00e9rio da Sa\u00fade j\u00e1 divulgou que os novos servidores ser\u00e3o alocados nas seguintes secretarias:<\/p>\n<ol>\n<li>Vigil\u00e2ncia em Sa\u00fade e Ambiente (SVSA);<\/li>\n<li>Ci\u00eancia, Tecnologia, Inova\u00e7\u00e3o e Complexo da Sa\u00fade (SECTICS);<\/li>\n<li>Aten\u00e7\u00e3o Especializada \u00e0 Sa\u00fade (SAES); e<\/li>\n<li>Aten\u00e7\u00e3o Prim\u00e1ria \u00e0 Sa\u00fade (SAPS).<\/li>\n<\/ol>\n<p>No entanto, ainda n\u00e3o foram confirmados os estados ou regi\u00f5es onde os candidatos aprovados ser\u00e3o lotados.<\/p>\n<p>Os detalhes adicionais sobre o concurso, incluindo os requisitos espec\u00edficos, o cronograma, as etapas de sele\u00e7\u00e3o e a distribui\u00e7\u00e3o geogr\u00e1fica das vagas, devem ser disponibilizados no edital oficial do concurso.<\/p>\n<p><em>Fonte: Jornal Cont\u00e1bil<\/em><\/p>\t\t\t\t\t\t\t\t<\/div>\n\t\t\t\t<\/div>\n\t\t\t\t\t<\/div>\n\t\t<\/div>\n\t\t\t\t\t<\/div>\n\t\t<\/section>\n\t\t\t\t<\/div>\n\t\t","protected":false},"excerpt":{"rendered":"<p>O Minist\u00e9rio da Sa\u00fade recebeu autoriza\u00e7\u00e3o do Minist\u00e9rio da Gest\u00e3o e Inova\u00e7\u00e3o em Servi\u00e7os P\u00fablicos para conduzir um concurso p\u00fablico que oferecer\u00e1 300 vagas tempor\u00e1rias.A medida foi divulgada na edi\u00e7\u00e3o de segunda-feira (25) do Di\u00e1rio Oficial da Uni\u00e3o. Vagas Ser\u00e3o admitidos um total de 28 t\u00e9cnicos administrativos, 12 analistas especializados em dados e controle de [&hellip;]<\/p>\n","protected":false},"author":1,"featured_media":0,"comment_status":"closed","ping_status":"closed","sticky":false,"template":"","format":"standard","meta":{"ocean_post_layout":"","ocean_both_sidebars_style":"","ocean_both_sidebars_content_width":0,"ocean_both_sidebars_sidebars_width":0,"ocean_sidebar":"","ocean_second_sidebar":"","ocean_disable_margins":"enable","ocean_add_body_class":"","ocean_shortcode_before_top_bar":"","ocean_shortcode_after_top_bar":"","ocean_shortcode_before_header":"","ocean_shortcode_after_header":"","ocean_has_shortcode":"","ocean_shortcode_after_title":"","ocean_shortcode_before_footer_widgets":"","ocean_shortcode_after_footer_widgets":"","ocean_shortcode_before_footer_bottom":"","ocean_shortcode_after_footer_bottom":"","ocean_display_top_bar":"default","ocean_display_header":"default","ocean_header_style":"","ocean_center_header_left_menu":"","ocean_custom_header_template":"","ocean_custom_logo":0,"ocean_custom_retina_logo":0,"ocean_custom_logo_max_width":0,"ocean_custom_logo_tablet_max_width":0,"ocean_custom_logo_mobile_max_width":0,"ocean_custom_logo_max_height":0,"ocean_custom_logo_tablet_max_height":0,"ocean_custom_logo_mobile_max_height":0,"ocean_header_custom_menu":"","ocean_menu_typo_font_family":"","ocean_menu_typo_font_subset":"","ocean_menu_typo_font_size":0,"ocean_menu_typo_font_size_tablet":0,"ocean_menu_typo_font_size_mobile":0,"ocean_menu_typo_font_size_unit":"px","ocean_menu_typo_font_weight":"","ocean_menu_typo_font_weight_tablet":"","ocean_menu_typo_font_weight_mobile":"","ocean_menu_typo_transform":"","ocean_menu_typo_transform_tablet":"","ocean_menu_typo_transform_mobile":"","ocean_menu_typo_line_height":0,"ocean_menu_typo_line_height_tablet":0,"ocean_menu_typo_line_height_mobile":0,"ocean_menu_typo_line_height_unit":"","ocean_menu_typo_spacing":0,"ocean_menu_typo_spacing_tablet":0,"ocean_menu_typo_spacing_mobile":0,"ocean_menu_typo_spacing_unit":"","ocean_menu_link_color":"","ocean_menu_link_color_hover":"","ocean_menu_link_color_active":"","ocean_menu_link_background":"","ocean_menu_link_hover_background":"","ocean_menu_link_active_background":"","ocean_menu_social_links_bg":"","ocean_menu_social_hover_links_bg":"","ocean_menu_social_links_color":"","ocean_menu_social_hover_links_color":"","ocean_disable_title":"default","ocean_disable_heading":"default","ocean_post_title":"","ocean_post_subheading":"","ocean_post_title_style":"","ocean_post_title_background_color":"","ocean_post_title_background":0,"ocean_post_title_bg_image_position":"","ocean_post_title_bg_image_attachment":"","ocean_post_title_bg_image_repeat":"","ocean_post_title_bg_image_size":"","ocean_post_title_height":0,"ocean_post_title_bg_overlay":0.5,"ocean_post_title_bg_overlay_color":"","ocean_disable_breadcrumbs":"default","ocean_breadcrumbs_color":"","ocean_breadcrumbs_separator_color":"","ocean_breadcrumbs_links_color":"","ocean_breadcrumbs_links_hover_color":"","ocean_display_footer_widgets":"default","ocean_display_footer_bottom":"default","ocean_custom_footer_template":"","ocean_post_oembed":"","ocean_post_self_hosted_media":"","ocean_post_video_embed":"","ocean_link_format":"","ocean_link_format_target":"self","ocean_quote_format":"","ocean_quote_format_link":"post","ocean_gallery_link_images":"on","ocean_gallery_id":[],"footnotes":""},"categories":[1],"tags":[],"class_list":["post-24494","post","type-post","status-publish","format-standard","hentry","category-sem-categoria","entry"],"_links":{"self":[{"href":"https:\/\/sindcon-rj.com.br\/wp\/wp-json\/wp\/v2\/posts\/24494","targetHints":{"allow":["GET"]}}],"collection":[{"href":"https:\/\/sindcon-rj.com.br\/wp\/wp-json\/wp\/v2\/posts"}],"about":[{"href":"https:\/\/sindcon-rj.com.br\/wp\/wp-json\/wp\/v2\/types\/post"}],"author":[{"embeddable":true,"href":"https:\/\/sindcon-rj.com.br\/wp\/wp-json\/wp\/v2\/users\/1"}],"replies":[{"embeddable":true,"href":"https:\/\/sindcon-rj.com.br\/wp\/wp-json\/wp\/v2\/comments?post=24494"}],"version-history":[{"count":7,"href":"https:\/\/sindcon-rj.com.br\/wp\/wp-json\/wp\/v2\/posts\/24494\/revisions"}],"predecessor-version":[{"id":24502,"href":"https:\/\/sindcon-rj.com.br\/wp\/wp-json\/wp\/v2\/posts\/24494\/revisions\/24502"}],"wp:attachment":[{"href":"https:\/\/sindcon-rj.com.br\/wp\/wp-json\/wp\/v2\/media?parent=24494"}],"wp:term":[{"taxonomy":"category","embeddable":true,"href":"https:\/\/sindcon-rj.com.br\/wp\/wp-json\/wp\/v2\/categories?post=24494"},{"taxonomy":"post_tag","embeddable":true,"href":"https:\/\/sindcon-rj.com.br\/wp\/wp-json\/wp\/v2\/tags?post=24494"}],"curies":[{"name":"wp","href":"https:\/\/api.w.org\/{rel}","templated":true}]}}