{"id":23108,"date":"2022-11-18T11:55:40","date_gmt":"2022-11-18T14:55:40","guid":{"rendered":"https:\/\/sindcon-rj.com.br\/wp\/?p=23108"},"modified":"2022-11-18T12:04:44","modified_gmt":"2022-11-18T15:04:44","slug":"industria-tem-desempenho-negativo-em-outubro-diz-cni","status":"publish","type":"post","link":"https:\/\/sindcon-rj.com.br\/wp\/industria-tem-desempenho-negativo-em-outubro-diz-cni\/","title":{"rendered":"Ind\u00fastria tem desempenho negativo em outubro, diz CNI"},"content":{"rendered":"\t\t<div data-elementor-type=\"wp-post\" data-elementor-id=\"23108\" class=\"elementor elementor-23108\">\n\t\t\t\t\t\t<section class=\"elementor-section elementor-top-section elementor-element elementor-element-0490dc2 elementor-section-boxed elementor-section-height-default elementor-section-height-default\" data-id=\"0490dc2\" data-element_type=\"section\">\n\t\t\t\t\t\t<div class=\"elementor-container elementor-column-gap-default\">\n\t\t\t\t\t<div class=\"elementor-column elementor-col-100 elementor-top-column elementor-element elementor-element-b1c0399\" data-id=\"b1c0399\" data-element_type=\"column\">\n\t\t\t<div class=\"elementor-widget-wrap elementor-element-populated\">\n\t\t\t\t\t\t<div class=\"elementor-element elementor-element-a1648a2 elementor-widget elementor-widget-text-editor\" data-id=\"a1648a2\" data-element_type=\"widget\" data-widget_type=\"text-editor.default\">\n\t\t\t\t<div class=\"elementor-widget-container\">\n\t\t\t\t\t\t\t\t\t<p>O desempenho da ind\u00fastria foi negativo na passagem de setembro para outubro, com queda da atividade, do emprego e da utiliza\u00e7\u00e3o da capacidade instalada. Os dados s\u00e3o da&nbsp;<a href=\"https:\/\/www.portaldaindustria.com.br\/estatisticas\/sondagem-industrial\/\"><strong>pesquisa<\/strong><\/a>&nbsp;Sondagem Industrial, divulgada hoje (18), em Bras\u00edlia, pela Confedera\u00e7\u00e3o Nacional da Ind\u00fastria (CNI).<\/p>\n<p>\u00c9 o segundo recuo consecutivo na produ\u00e7\u00e3o industrial. O \u00edndice de evolu\u00e7\u00e3o da produ\u00e7\u00e3o manteve-se abaixo dos 50 pontos, ao cair de 49 pontos para 48,5 pontos. Valores acima da linha divis\u00f3ria de 50 pontos indicam aumento da produ\u00e7\u00e3o industrial e abaixo da linha de corte, queda. \u201c\u00c9 a primeira queda na produ\u00e7\u00e3o industrial para um m\u00eas de outubro desde 2016\u201d, informou a CNI.<\/p>\n<p>O emprego do setor industrial tamb\u00e9m caiu ap\u00f3s cinco meses consecutivos de crescimento. O \u00edndice de evolu\u00e7\u00e3o do emprego passou de 51,4 pontos para 49,6 pontos indicando corte. \u00c9 a primeira queda do emprego industrial para um m\u00eas de outubro desde 2019.<\/p>\n<p>Da mesma forma, o \u00edndice de Utiliza\u00e7\u00e3o da Capacidade Instalada (UCI) registrou o segundo recuo consecutivo e encerrou outubro em 71%. Nos \u00faltimos dois meses, a UCI acumula queda de dois pontos percentuais.<\/p>\n<h2>Expectativas em queda<\/h2>\n<p>Segundo a CNI, todas as expectativas do setor industrial em novembro \u201crecuaram fortemente\u201d. \u201c\u00c9 a primeira vez em mais de dois anos que h\u00e1 expectativa de recuo no emprego industrial e nas exporta\u00e7\u00f5es para os pr\u00f3ximos seis meses\u201d, explicou a entidade. \u201cH\u00e1 ainda menos otimismo em rela\u00e7\u00e3o \u00e0 compra de mat\u00e9rias-primas e ao n\u00edvel de demanda\u201d, disse.<\/p>\n<p>O \u00edndice de evolu\u00e7\u00e3o do n\u00edvel de estoques aumentou para 51,5 pontos em outubro. Acima da linha divis\u00f3ria de 50 pontos, o \u00edndice aponta aumento dos estoques em rela\u00e7\u00e3o a setembro. O \u00edndice de estoque efetivo em rela\u00e7\u00e3o ao planejado se afastou da linha divis\u00f3ria dos 50 pontos, subindo de 50,9 pontos para 52,4 pontos entre setembro e outubro.<\/p>\n<p>A CNI explicou, tamb\u00e9m, que o resultado coloca os estoques do setor industrial no maior n\u00edvel acima do planejado desde julho de 2019, \u201ccom indicativo de frustra\u00e7\u00e3o dos empres\u00e1rios com o n\u00edvel de consumo\u201d.<\/p>\n<p>Para a entidade, as expectativas dos empres\u00e1rios j\u00e1 est\u00e3o contaminadas com a demanda inferior \u00e0 produ\u00e7\u00e3o, que j\u00e1 est\u00e3o em um cen\u00e1rio de queda da atividade.<\/p><p><i>Fonte: Ag\u00eancia Brasil<\/i><\/p>\t\t\t\t\t\t\t\t<\/div>\n\t\t\t\t<\/div>\n\t\t\t\t\t<\/div>\n\t\t<\/div>\n\t\t\t\t\t<\/div>\n\t\t<\/section>\n\t\t\t\t<\/div>\n\t\t","protected":false},"excerpt":{"rendered":"<p>O desempenho da ind\u00fastria foi negativo na passagem de setembro para outubro, com queda da atividade, do emprego e da utiliza\u00e7\u00e3o da capacidade instalada. Os dados s\u00e3o da&nbsp;pesquisa&nbsp;Sondagem Industrial, divulgada hoje (18), em Bras\u00edlia, pela Confedera\u00e7\u00e3o Nacional da Ind\u00fastria (CNI). \u00c9 o segundo recuo consecutivo na produ\u00e7\u00e3o industrial. O \u00edndice de evolu\u00e7\u00e3o da produ\u00e7\u00e3o manteve-se [&hellip;]<\/p>\n","protected":false},"author":1,"featured_media":23115,"comment_status":"closed","ping_status":"closed","sticky":false,"template":"","format":"standard","meta":{"ocean_post_layout":"","ocean_both_sidebars_style":"","ocean_both_sidebars_content_width":0,"ocean_both_sidebars_sidebars_width":0,"ocean_sidebar":"0","ocean_second_sidebar":"0","ocean_disable_margins":"enable","ocean_add_body_class":"","ocean_shortcode_before_top_bar":"","ocean_shortcode_after_top_bar":"","ocean_shortcode_before_header":"","ocean_shortcode_after_header":"","ocean_has_shortcode":"","ocean_shortcode_after_title":"","ocean_shortcode_before_footer_widgets":"","ocean_shortcode_after_footer_widgets":"","ocean_shortcode_before_footer_bottom":"","ocean_shortcode_after_footer_bottom":"","ocean_display_top_bar":"default","ocean_display_header":"default","ocean_header_style":"","ocean_center_header_left_menu":"0","ocean_custom_header_template":"0","ocean_custom_logo":0,"ocean_custom_retina_logo":0,"ocean_custom_logo_max_width":0,"ocean_custom_logo_tablet_max_width":0,"ocean_custom_logo_mobile_max_width":0,"ocean_custom_logo_max_height":0,"ocean_custom_logo_tablet_max_height":0,"ocean_custom_logo_mobile_max_height":0,"ocean_header_custom_menu":"0","ocean_menu_typo_font_family":"0","ocean_menu_typo_font_subset":"","ocean_menu_typo_font_size":0,"ocean_menu_typo_font_size_tablet":0,"ocean_menu_typo_font_size_mobile":0,"ocean_menu_typo_font_size_unit":"px","ocean_menu_typo_font_weight":"","ocean_menu_typo_font_weight_tablet":"","ocean_menu_typo_font_weight_mobile":"","ocean_menu_typo_transform":"","ocean_menu_typo_transform_tablet":"","ocean_menu_typo_transform_mobile":"","ocean_menu_typo_line_height":0,"ocean_menu_typo_line_height_tablet":0,"ocean_menu_typo_line_height_mobile":0,"ocean_menu_typo_line_height_unit":"","ocean_menu_typo_spacing":0,"ocean_menu_typo_spacing_tablet":0,"ocean_menu_typo_spacing_mobile":0,"ocean_menu_typo_spacing_unit":"","ocean_menu_link_color":"","ocean_menu_link_color_hover":"","ocean_menu_link_color_active":"","ocean_menu_link_background":"","ocean_menu_link_hover_background":"","ocean_menu_link_active_background":"","ocean_menu_social_links_bg":"","ocean_menu_social_hover_links_bg":"","ocean_menu_social_links_color":"","ocean_menu_social_hover_links_color":"","ocean_disable_title":"default","ocean_disable_heading":"default","ocean_post_title":"","ocean_post_subheading":"","ocean_post_title_style":"","ocean_post_title_background_color":"","ocean_post_title_background":0,"ocean_post_title_bg_image_position":"","ocean_post_title_bg_image_attachment":"","ocean_post_title_bg_image_repeat":"","ocean_post_title_bg_image_size":"","ocean_post_title_height":0,"ocean_post_title_bg_overlay":0.5,"ocean_post_title_bg_overlay_color":"","ocean_disable_breadcrumbs":"default","ocean_breadcrumbs_color":"","ocean_breadcrumbs_separator_color":"","ocean_breadcrumbs_links_color":"","ocean_breadcrumbs_links_hover_color":"","ocean_display_footer_widgets":"default","ocean_display_footer_bottom":"default","ocean_custom_footer_template":"0","ocean_post_oembed":"","ocean_post_self_hosted_media":"","ocean_post_video_embed":"","ocean_link_format":"","ocean_link_format_target":"self","ocean_quote_format":"","ocean_quote_format_link":"post","ocean_gallery_link_images":"off","ocean_gallery_id":[],"footnotes":""},"categories":[1],"tags":[],"class_list":["post-23108","post","type-post","status-publish","format-standard","has-post-thumbnail","hentry","category-sem-categoria","entry","has-media"],"_links":{"self":[{"href":"https:\/\/sindcon-rj.com.br\/wp\/wp-json\/wp\/v2\/posts\/23108","targetHints":{"allow":["GET"]}}],"collection":[{"href":"https:\/\/sindcon-rj.com.br\/wp\/wp-json\/wp\/v2\/posts"}],"about":[{"href":"https:\/\/sindcon-rj.com.br\/wp\/wp-json\/wp\/v2\/types\/post"}],"author":[{"embeddable":true,"href":"https:\/\/sindcon-rj.com.br\/wp\/wp-json\/wp\/v2\/users\/1"}],"replies":[{"embeddable":true,"href":"https:\/\/sindcon-rj.com.br\/wp\/wp-json\/wp\/v2\/comments?post=23108"}],"version-history":[{"count":13,"href":"https:\/\/sindcon-rj.com.br\/wp\/wp-json\/wp\/v2\/posts\/23108\/revisions"}],"predecessor-version":[{"id":23128,"href":"https:\/\/sindcon-rj.com.br\/wp\/wp-json\/wp\/v2\/posts\/23108\/revisions\/23128"}],"wp:featuredmedia":[{"embeddable":true,"href":"https:\/\/sindcon-rj.com.br\/wp\/wp-json\/wp\/v2\/media\/23115"}],"wp:attachment":[{"href":"https:\/\/sindcon-rj.com.br\/wp\/wp-json\/wp\/v2\/media?parent=23108"}],"wp:term":[{"taxonomy":"category","embeddable":true,"href":"https:\/\/sindcon-rj.com.br\/wp\/wp-json\/wp\/v2\/categories?post=23108"},{"taxonomy":"post_tag","embeddable":true,"href":"https:\/\/sindcon-rj.com.br\/wp\/wp-json\/wp\/v2\/tags?post=23108"}],"curies":[{"name":"wp","href":"https:\/\/api.w.org\/{rel}","templated":true}]}}